{"id":1054,"date":"2026-09-01T12:24:19","date_gmt":"2026-09-01T12:24:19","guid":{"rendered":"https:\/\/www.palestine45.fr\/wordpress\/?p=1054"},"modified":"2026-09-01T12:24:19","modified_gmt":"2026-09-01T12:24:19","slug":"la-guerre-par-les-flammes-israel-brule-forets-et-vergers-au-sud-liban","status":"publish","type":"post","link":"https:\/\/www.palestine45.fr\/wordpress\/?p=1054","title":{"rendered":"La guerre par les flammes\u00a0: Isra\u00ebl br\u00fble for\u00eats et vergers au Sud-Liban"},"content":{"rendered":"\n<p class=\"wp-block-paragraph\"><\/p>\n\n\n\n<figure class=\"wp-block-image\"><img decoding=\"async\" src=\"https:\/\/reporterre.net\/local\/cache-vignettes\/L720xH480\/alma_al_chaab_25_small_28.10_23_pernot-c0695.jpg?1787583792\" alt=\"La guerre par les flammes\u00a0: Isra\u00ebl br\u00fble for\u00eats et vergers au Sud-Liban\"\/><\/figure>\n\n\n\n<p class=\"wp-block-paragraph\">En plein cessez-le-feu, l\u2019arm\u00e9e isra\u00e9lienne continue de bombarder le Liban, mena\u00e7ant les \u00e9cosyst\u00e8mes d\u2019un effondrement irr\u00e9versible. Pompiers et experts d\u00e9noncent le crime d\u2019\u00e9cocide de l\u2019\u00c9tat h\u00e9breu, qui provoque d\u00e9lib\u00e9r\u00e9ment ces incendies.<\/p>\n\n\n\n<p class=\"wp-block-paragraph\">Beyrouth (Liban), correspondance<\/p>\n\n\n\n<p class=\"wp-block-paragraph\">Nabatieh est en proie aux flammes. Un peu partout autour de cette ville du Sud-Liban, l\u2019arm\u00e9e isra\u00e9lienne cr\u00e9e une <em>\u00ab<small>&nbsp;<\/small>ceinture de feu<small>&nbsp;<\/small>\u00bb<\/em>, <a href=\"https:\/\/www.lemonde.fr\/international\/article\/2026\/08\/17\/dans-le-sud-du-liban-la-peur-des-incendies-causes-par-des-frappes-israeliennes_6748396_3210.html?srsltid=AfmBOoqcnNi97q9BXBps9OdFg1Uvikogi_qx1Q9MbzY6Uwo6sJf86vzB\" rel=\"noreferrer noopener\" target=\"_blank\">bombardant les collines et for\u00eats<\/a>. Bois, oliveraies et champs br\u00fblent depuis des semaines, alors qu\u2019Isra\u00ebl intensifie ses bombardements au phosphore blanc, tirs d\u2019artillerie et de grenades incendiaires, tuant des civils quotidiennement, malgr\u00e9 un cessez-le-feu en vigueur depuis avril.<\/p>\n\n\n\n<p class=\"wp-block-paragraph\"><em>\u00ab<small>&nbsp;<\/small>Nous luttons contre des incendies tous les jours<small>&nbsp;<\/small>! 90<small>&nbsp;<\/small>% d\u2019entre eux sont caus\u00e9s par Isra\u00ebl<small>&nbsp;<\/small>\u00bb<\/em>, estime Hussein Fakih, directeur du centre r\u00e9gional de Nabatieh au sein de la Direction g\u00e9n\u00e9rale de la d\u00e9fense civile libanaise, l\u2019\u00e9quivalent des sapeurs-pompiers en France. <em>\u00ab<small>&nbsp;<\/small>Cette ann\u00e9e est vraiment difficile&nbsp;: comme habitants et agriculteurs ont fui, les cultures sont en friche et prennent feu extr\u00eamement vite<small>&nbsp;<\/small>\u00bb<\/em>, soupire-t-il lors d\u2019un entretien t\u00e9l\u00e9phonique avec <em>Reporterre<\/em>.<\/p>\n\n\n\n<p class=\"wp-block-paragraph\">L\u2019arm\u00e9e isra\u00e9lienne semble <a href=\"https:\/\/www.lorientlejour.com\/article\/1545063\/ali-taher-israel-se-retourne-contre-le-compromis-americain.html\" rel=\"noreferrer noopener\" target=\"_blank\">vouloir conqu\u00e9rir la colline Ali Taher<\/a>, lieu strat\u00e9gique qui domine la ville. L\u2019escalade militaire menace encore davantage le Liban, tandis que ses pompiers doivent lutter contre les flammes au risque d\u2019\u00eatre pris pour cible.<\/p>\n\n\n\n<h2 class=\"wp-block-heading\">135 morts dans les services de sant\u00e9 en 2026<\/h2>\n\n\n\n<p class=\"wp-block-paragraph\"><em>\u00ab<small>&nbsp;<\/small>C\u2019est extr\u00eamement dangereux et difficile pour nous de nous approcher des feux d\u00e9clench\u00e9s dans la \u201czone de contact\u201d, car l\u2019ennemi isra\u00e9lien peut nous bombarder \u00e0 tout moment. Nous sommes oblig\u00e9s de nous coordonner avec l\u2019arm\u00e9e libanaise et la force int\u00e9rimaire de l\u2019ONU au Liban pour y acc\u00e9der, et payons parfois le prix fort<small>&nbsp;<\/small>\u00bb<\/em>, d\u00e9nonce Hussein Fakih.<\/p>\n\n\n\n<p class=\"wp-block-paragraph\">Selon lui, dix casernes de la D\u00e9fense civile ont \u00e9t\u00e9 enti\u00e8rement d\u00e9truites par Isra\u00ebl cette ann\u00e9e dans le sud du pays, six pompiers tu\u00e9s et 23 bless\u00e9s. Le gouvernement libanais d\u00e9nombre <a href=\"https:\/\/www.hhrjournal.org\/2026\/07\/27\/attacks-on-emergency-medical-services-in-lebanon-protecting-the-right-to-health-in-armed-conflict\/\" rel=\"noreferrer noopener\" target=\"_blank\">au moins 400&nbsp;morts dans les rangs des services de sant\u00e9<\/a> \u2014 pompiers, m\u00e9decins et secouristes \u2014 depuis le d\u00e9but de la guerre le 7&nbsp;octobre 2023, dont <a href=\"https:\/\/news.un.org\/en\/story\/2026\/06\/1167714\" rel=\"noreferrer noopener\" target=\"_blank\">135 en 2026<\/a>.<\/p>\n\n\n\n<figure class=\"wp-block-image\"><img decoding=\"async\" src=\"https:\/\/reporterre.net\/IMG\/jpg\/img_4325_ld_pernot_260416.jpg\" alt=\"\"\/><figcaption class=\"wp-element-caption\">Des pompiers et secouristes de la D\u00e9fense civile libanaise enterrent deux coll\u00e8gues tu\u00e9s la veille par l\u2019arm\u00e9e isra\u00e9lienne \u00e0 Nabatieh, le 16&nbsp;avril 2026. <em>\u00a9 Philippe Pernot \/ Reporterre<\/em><\/figcaption><\/figure>\n\n\n\n<p class=\"wp-block-paragraph\">Dans les jours qui ont suivi l\u2019attaque du Hamas et le d\u00e9but de la guerre g\u00e9nocidaire \u00e0 Gaza, le Hezbollah et Isra\u00ebl ont \u00e9chang\u00e9 des tirs, menant \u00e0 diverses phases d\u2019offensives et de cessez-le-feu, qui ont fait <a href=\"https:\/\/www.amnesty.fr\/actualites\/liban-crimes-guerre-armee-israelienne\/\" rel=\"noreferrer noopener\" target=\"_blank\">plus de 8&nbsp;000 morts<\/a> et 20&nbsp;000 bless\u00e9s au Liban. <a href=\"https:\/\/reporterre.net\/Israel-transforme-le-Sud-Liban-et-ses-oliviers-en-ruines-fumantes\"><em>Reporterre<\/em> avait alors pu observer des incendies<\/a> caus\u00e9s par l\u2019arm\u00e9e isra\u00e9lienne dans des zones frontali\u00e8res, utilisant des fus\u00e9es \u00e9clairantes, du phosphore blanc et des tirs d\u2019artillerie, ainsi que des tirs isra\u00e9liens sur des pompiers partis \u00e9teindre les incendies.<\/p>\n\n\n\n<blockquote class=\"wp-block-quote is-layout-flow wp-block-quote-is-layout-flow\">\n<p class=\"wp-block-paragraph\">\u00ab<small>&nbsp;<\/small>Des soldats isra\u00e9liens ont mis le feu de mani\u00e8re d\u00e9lib\u00e9r\u00e9e<small>&nbsp;<\/small>\u00bb<\/p>\n<\/blockquote>\n\n\n\n<p class=\"wp-block-paragraph\"><em>\u00ab<small>&nbsp;<\/small>Nous avons document\u00e9 comment des soldats isra\u00e9liens ont mis le feu de mani\u00e8re d\u00e9lib\u00e9r\u00e9e au couvert v\u00e9g\u00e9tal en r\u00e9pandant de l\u2019essence, en utilisant des drones ou des fus\u00e9es \u00e9clairantes en plein jour, ou m\u00eame en utilisant un tr\u00e9buchet m\u00e9di\u00e9val pour projeter des mat\u00e9riaux incendiaires par-del\u00e0 la fronti\u00e8re<small>&nbsp;<\/small>\u00bb<\/em>, liste Hicham Younes, pr\u00e9sident de l\u2019association environnementale&nbsp;Green Southerners.<\/p>\n\n\n\n<p class=\"wp-block-paragraph\"><em>\u00ab<small>&nbsp;<\/small>L\u2019incendie de la v\u00e9g\u00e9tation \u00e9tait donc intentionnel, et non une cons\u00e9quence fortuite des op\u00e9rations militaires<small>&nbsp;<\/small>\u00bb<\/em>, ajoute l\u2019activiste, <em>\u00ab<small>&nbsp;<\/small>pr\u00e9occup\u00e9<small>&nbsp;<\/small>\u00bb<\/em> par la r\u00e9currence de ces incidents. Dans les hauteurs de Kfar Chouba, il a recens\u00e9 des incendies \u00e0 r\u00e9p\u00e9tition sur une p\u00e9riode de trois \u00e0 quatre jours seulement, ainsi que dans la zone bois\u00e9e de Jabal al-Rihane, dans la r\u00e9gion de Jezzine, ou encore sur la colline Ali Taher, \u00e0 Nabatieh.<\/p>\n\n\n\n<figure class=\"wp-block-image\"><img decoding=\"async\" src=\"https:\/\/reporterre.net\/IMG\/jpg\/img_3660_ld_pernot_260408.jpg\" alt=\"\"\/><figcaption class=\"wp-element-caption\">Des secouristes et pompiers de la D\u00e9fense civile en action \u00e0 Beyrouth lors des bombardements du 8&nbsp;avril 2026. <em>\u00a9 Philippe Pernot \/ Reporterre<\/em><\/figcaption><\/figure>\n\n\n\n<p class=\"wp-block-paragraph\"><em>\u00ab<small>&nbsp;<\/small>Lorsque des incidents similaires se reproduisent sur une courte p\u00e9riode et dans diff\u00e9rents espaces forestiers, ils doivent \u00eatre examin\u00e9s dans le cadre d\u2019une tendance plus large plut\u00f4t que d\u2019\u00eatre consid\u00e9r\u00e9s comme des incendies isol\u00e9s&nbsp;: il s\u2019agit d\u2019un \u00e9cocide, qui est partie int\u00e9grante du conflit et non une cons\u00e9quence secondaire<small>&nbsp;<\/small>\u00bb<\/em>, ass\u00e8ne-t-il.<\/p>\n\n\n\n<p class=\"wp-block-paragraph\"><a href=\"https:\/\/reporterre.net\/Israel-veut-couper-tout-lien-des-Palestiniens-avec-leur-terre\"><strong>Lire aussi :<\/strong> \u00ab<small>&nbsp;<\/small>Isra\u00ebl veut couper tout lien des Palestiniens avec leur terre<small>&nbsp;<\/small>\u00bb<\/a><\/p>\n\n\n\n<p class=\"wp-block-paragraph\"><a href=\"https:\/\/www.rfi.fr\/fr\/moyen-orient\/20260820-le-sud-du-liban-ravag%C3%A9-par-les-feux-de-for%C3%AAts-isra%C3%ABl-accus%C3%A9-d-incendies-volontaires\" rel=\"noreferrer noopener\" target=\"_blank\">Plus de 16&nbsp;000 hectares ont br\u00fbl\u00e9 au Liban<\/a> depuis octobre 2023, selon les autorit\u00e9s libanaises. Cette ann\u00e9e, les feux sont <em>\u00ab<small>&nbsp;<\/small>dramatiques<small>&nbsp;<\/small>\u00bb<\/em>, s\u2019inqui\u00e8te George Mitri, professeur de sciences de l\u2019environnement \u00e0 l\u2019universit\u00e9 de Balamand et expert des politiques de gestion des incendies de for\u00eat au Liban, lors d\u2019un entretien sur WhatsApp avec <em>Reporterre<\/em>.<\/p>\n\n\n\n<h2 class=\"wp-block-heading\">Destruction des \u00e9cosyst\u00e8mes<\/h2>\n\n\n\n<p class=\"wp-block-paragraph\"><em>\u00ab<small>&nbsp;<\/small>Nous avons d\u00e9j\u00e0 enregistr\u00e9 5&nbsp;000 hectares br\u00fbl\u00e9s depuis le d\u00e9but d\u2019ann\u00e9e, dont l\u2019immense majorit\u00e9 sont caus\u00e9s par les bombardements isra\u00e9liens. Seulement 10 \u00e0 15<small>&nbsp;<\/small>% sont dus \u00e0 la s\u00e9cheresse<small>&nbsp;<\/small>\u00bb<\/em>, d\u00e9nonce-t-il. Selon lui, les Isra\u00e9liens utiliseraient&nbsp;volontairement&nbsp;du glyphosate pour rendre la v\u00e9g\u00e9tation plus inflammable, ainsi que du phosphore blanc pour <a href=\"https:\/\/information.tv5monde.com\/international\/guerre-au-liban-dimmenses-zones-boisees-brulees-israel-accuse-de-declencher-des-feux-de-forets-2833467\" rel=\"noreferrer noopener\" target=\"_blank\">cr\u00e9er de multiples d\u00e9parts de feux<\/a>, extr\u00eamement difficiles \u00e0 stopper, puisqu\u2019ils s\u2019entretiennent eux-m\u00eames et ne s\u2019\u00e9teignent qu\u2019en \u00e9tant recouverts de terre.<\/p>\n\n\n\n<p class=\"wp-block-paragraph\"><em>\u00ab<small>&nbsp;<\/small>C\u2019est la recette id\u00e9ale pour d\u00e9clencher de grands incendies. Ce que nous avons constat\u00e9 en cartographiant ces zones br\u00fbl\u00e9es, c\u2019est que les attaques sont r\u00e9p\u00e9t\u00e9es sur plusieurs ann\u00e9es dans plusieurs \u201chot spots\u201d, notamment le long de la fronti\u00e8re&nbsp;: Isra\u00ebl cherche \u00e0 y d\u00e9truire le couvert v\u00e9g\u00e9tal<small>&nbsp;<\/small>\u00bb<\/em>, explique-t-il. Au sud de la <em>\u00ab<small>&nbsp;<\/small>ligne jaune<small>&nbsp;<\/small>\u00bb<\/em> qu\u2019elle a d\u00e9cr\u00e9t\u00e9e, l\u2019arm\u00e9e de <a href=\"https:\/\/reporterre.net\/Ils-m-empechent-de-rejoindre-mes-oliviers-au-Sud-Liban-la-vie-sous-occupation-israelienne\">l\u2019\u00c9tat h\u00e9breu a d\u00e9truit une cinquantaine de localit\u00e9s<\/a> pour \u00e9riger une <em>\u00ab<small>&nbsp;<\/small>zone tampon<small>&nbsp;<\/small>\u00bb<\/em>.<\/p>\n\n\n\n<figure class=\"wp-block-image\"><img decoding=\"async\" src=\"https:\/\/reporterre.net\/IMG\/jpg\/alma_al_chaab_33_small_28.10_23_pernot.jpg\" alt=\"\"\/><figcaption class=\"wp-element-caption\">Un camion de pompiers de la D\u00e9fense civile libanaise intervient sur des incendies caus\u00e9s par des bombardements isra\u00e9liens \u00e0 Alma al-Chaab, avant d\u2019\u00eatre lui-m\u00eame pris pour cible, le 28&nbsp;octobre 2023. <em>\u00a9 Philippe Pernot \/ Reporterre<\/em><\/figcaption><\/figure>\n\n\n\n<p class=\"wp-block-paragraph\">Or, le Liban \u2014 comme toute la r\u00e9gion m\u00e9diterran\u00e9enne \u2014 devient chaque ann\u00e9e plus sensible au <a href=\"https:\/\/reporterre.net\/Qu-est-ce-que-le-rechauffement-climatique\">r\u00e9chauffement climatique<\/a>, qui <a href=\"https:\/\/www.lorientlejour.com\/article\/1543099\/la-vague-de-chaleur-au-liban-accroit-un-risque-dincendie-deja-eleve.html\" rel=\"noreferrer noopener\" target=\"_blank\">multiplie s\u00e9cheresses et maladies<\/a>. Les c\u00e8dres, pins et ch\u00eanes du maquis libanais sont particuli\u00e8rement menac\u00e9s,&nbsp;ainsi que les esp\u00e8ces de plantes et d\u2019animaux qui y vivent, <a href=\"https:\/\/reporterre.net\/Mes-abeilles-sont-mortes-mais-ca-aurait-pu-etre-moi-les-apiculteurs-du-Sud-Liban-face-a-l\">certaines rares et end\u00e9miques<\/a>.<\/p>\n\n\n\n<p class=\"wp-block-paragraph\"><a href=\"https:\/\/reporterre.net\/C-est-une-forme-de-resistance-il-reconstruit-le-musee-d-histoire-naturelle-de-Palestine\"><strong>Lire aussi :<\/strong> \u00ab<small>&nbsp;<\/small>C\u2019est une forme de r\u00e9sistance<small>&nbsp;<\/small>\u00bb&nbsp;: il reconstruit le mus\u00e9e d\u2019histoire naturelle de Palestine<\/a><\/p>\n\n\n\n<p class=\"wp-block-paragraph\"><em>\u00ab<small>&nbsp;<\/small>Si nous continuons sur la m\u00eame tendance, nous nous dirigeons vers une d\u00e9gradation des sols, une chute de la biodiversit\u00e9, et m\u00eame l\u2019effondrement des \u00e9cosyst\u00e8mes forestiers du Sud-Liban<\/em>, qui perdraient ainsi leur capacit\u00e9 de r\u00e9g\u00e9n\u00e9ration, alerte George Mitri. <em>Ces oliveraies, vergers et for\u00eats sont aussi extr\u00eamement <a href=\"https:\/\/www.lorientlejour.com\/article\/1543358\/yaroun-ravagee-par-un-incendie-israel-poursuit-ses-operations-de-destruction.html\" rel=\"noreferrer noopener\" target=\"_blank\">importants culturellement et \u00e9conomiquement pour les Libanais<\/a>.<small>&nbsp;<\/small>\u00bb<\/em><\/p>\n\n\n\n<p class=\"wp-block-paragraph\">Pour Hicham Younes, les r\u00e9sidus de munitions, notamment les m\u00e9taux lourds et d\u2019autres contaminants, <em>\u00ab<small>&nbsp;<\/small>peuvent exercer une pression suppl\u00e9mentaire, moins visible<small>&nbsp;<\/small>\u00bb<\/em>, sur les sols et la restauration \u00e9cologique. Celle-ci n\u00e9cessiterait une \u00e9valuation appropri\u00e9e pour d\u00e9terminer l\u2019\u00e9tendue des ravages, que le gouvernement libanais, ruin\u00e9, risque de ne pas mener.<\/p>\n\n\n\n<p class=\"wp-block-paragraph\"><em>\u00ab<small>&nbsp;<\/small>La r\u00e9silience \u00e9cologique est limit\u00e9e. Les \u00e9cosyst\u00e8mes peuvent absorber des perturbations et se r\u00e9tablir, mais pas ind\u00e9finiment lorsqu\u2019ils sont soumis \u00e0 des pressions soutenues et cumulatives<small>&nbsp;<\/small>\u00bb<\/em>, estime Hicham Younes, qui d\u00e9nonce un v\u00e9ritable <em>\u00ab<small>&nbsp;<\/small>crime de guerre<small>&nbsp;<\/small>\u00bb<\/em>.<\/p>\n","protected":false},"excerpt":{"rendered":"<p>En plein cessez-le-feu, l\u2019arm\u00e9e isra\u00e9lienne continue de bombarder le Liban, mena\u00e7ant les \u00e9cosyst\u00e8mes d\u2019un effondrement irr\u00e9versible. Pompiers et experts d\u00e9noncent le crime d\u2019\u00e9cocide de l\u2019\u00c9tat h\u00e9breu, qui provoque d\u00e9lib\u00e9r\u00e9ment ces incendies. Beyrouth (Liban), correspondance Nabatieh est en proie aux flammes. Un peu partout autour de cette ville du Sud-Liban, l\u2019arm\u00e9e isra\u00e9lienne cr\u00e9e une \u00ab&nbsp;ceinture de [&hellip;]<\/p>\n","protected":false},"author":5,"featured_media":1055,"comment_status":"open","ping_status":"open","sticky":false,"template":"","format":"standard","meta":{"footnotes":""},"categories":[78,68,15,51,47,17,4,54],"tags":[],"class_list":["post-1054","post","type-post","status-publish","format-standard","has-post-thumbnail","hentry","category-agression","category-capitalisme","category-colonialisme","category-crime-de-guerre","category-europe","category-france","category-israel","category-liban"],"_links":{"self":[{"href":"https:\/\/www.palestine45.fr\/wordpress\/index.php?rest_route=\/wp\/v2\/posts\/1054","targetHints":{"allow":["GET"]}}],"collection":[{"href":"https:\/\/www.palestine45.fr\/wordpress\/index.php?rest_route=\/wp\/v2\/posts"}],"about":[{"href":"https:\/\/www.palestine45.fr\/wordpress\/index.php?rest_route=\/wp\/v2\/types\/post"}],"author":[{"embeddable":true,"href":"https:\/\/www.palestine45.fr\/wordpress\/index.php?rest_route=\/wp\/v2\/users\/5"}],"replies":[{"embeddable":true,"href":"https:\/\/www.palestine45.fr\/wordpress\/index.php?rest_route=%2Fwp%2Fv2%2Fcomments&post=1054"}],"version-history":[{"count":1,"href":"https:\/\/www.palestine45.fr\/wordpress\/index.php?rest_route=\/wp\/v2\/posts\/1054\/revisions"}],"predecessor-version":[{"id":1056,"href":"https:\/\/www.palestine45.fr\/wordpress\/index.php?rest_route=\/wp\/v2\/posts\/1054\/revisions\/1056"}],"wp:featuredmedia":[{"embeddable":true,"href":"https:\/\/www.palestine45.fr\/wordpress\/index.php?rest_route=\/wp\/v2\/media\/1055"}],"wp:attachment":[{"href":"https:\/\/www.palestine45.fr\/wordpress\/index.php?rest_route=%2Fwp%2Fv2%2Fmedia&parent=1054"}],"wp:term":[{"taxonomy":"category","embeddable":true,"href":"https:\/\/www.palestine45.fr\/wordpress\/index.php?rest_route=%2Fwp%2Fv2%2Fcategories&post=1054"},{"taxonomy":"post_tag","embeddable":true,"href":"https:\/\/www.palestine45.fr\/wordpress\/index.php?rest_route=%2Fwp%2Fv2%2Ftags&post=1054"}],"curies":[{"name":"wp","href":"https:\/\/api.w.org\/{rel}","templated":true}]}}