{"id":130,"date":"2026-01-11T08:39:29","date_gmt":"2026-01-11T08:39:29","guid":{"rendered":"https:\/\/www.palestine45.fr\/wordpress\/?p=130"},"modified":"2026-01-11T08:39:42","modified_gmt":"2026-01-11T08:39:42","slug":"le-venezuela-la-palestine-et-la-mort-du-droit-international","status":"publish","type":"post","link":"https:\/\/www.palestine45.fr\/wordpress\/?p=130","title":{"rendered":"Le Venezuela, la Palestine et la mort du droit international"},"content":{"rendered":"\n<p><\/p>\n\n\n\n<figure class=\"wp-block-image\"><img decoding=\"async\" src=\"https:\/\/www.chroniquepalestine.com\/wp-content\/uploads\/2026\/01\/00-10-678x455.jpg\" alt=\"\" title=\"Photo : US Air Force\"\/><figcaption class=\"wp-element-caption\">Les Etats-Unis ont toujours pratiqu\u00e9 le culte de la violence et de la force brute, v\u00e9ritable terrorisme d&rsquo;Etat, dans des guerres de pillages accompagn\u00e9es de destructions massives &#8211; Photo : US Air Force<\/figcaption><\/figure>\n\n\n\n<p><a href=\"https:\/\/www.chroniquepalestine.com\/venezuela-palestine-et-mort-droit-international\/#\"><\/a><a href=\"https:\/\/www.chroniquepalestine.com\/venezuela-palestine-et-mort-droit-international\/#\"><\/a><a href=\"mailto:?subject=Le%20Venezuela%2C%20la%20Palestine%20et%20la%20mort%20du%20droit%20international&amp;body=https%3A%2F%2Fwww.chroniquepalestine.com%2Fvenezuela-palestine-et-mort-droit-international%2F\" target=\"_blank\" rel=\"noreferrer noopener\"><\/a><\/p>\n\n\n\n<p><strong>Par&nbsp;<a href=\"https:\/\/www.chroniquepalestine.com\/writers\/craig-mokhiber\">Craig Mokhiber<\/a><\/strong><\/p>\n\n\n\n<p><em>Les r\u00e9centes d\u00e9flagrations au Venezuela, en Palestine, au Liban, en Syrie, en Iran, en Irak, en Somalie, au Y\u00e9men et au Nigeria ne sont pas seulement les derniers soubresauts d\u2019un empire am\u00e9ricain en d\u00e9clin. Elles sont bien plus terrifiantes : elles marquent l\u2019av\u00e8nement d\u2019une \u00e8re d\u2019impunit\u00e9.<\/em><\/p>\n\n\n\n<p>Le 3 janvier 2026, sans provocation, sans motif ni justification l\u00e9gale, les \u00c9tats-Unis ont bombard\u00e9 le Venezuela, envahi sa capitale, tu\u00e9 des dizaines de personnes et violemment enlev\u00e9 le pr\u00e9sident et la premi\u00e8re dame du pays, les ligotant, leur bandant les yeux et les emmenant aux \u00c9tats-Unis.<\/p>\n\n\n\n<p>Une violation aussi flagrante de toute une s\u00e9rie de lois internationales, qui remet en cause le fondement m\u00eame du cadre juridique mis en place apr\u00e8s la Seconde Guerre mondiale et interdisant les actes d\u2019agression, aurait certainement d\u00fb \u00eatre condamn\u00e9e unanimement.<\/p>\n\n\n\n<p>Au lieu de cela, elle a \u00e9t\u00e9 suivie de g\u00e9missements \u00e9quivoques de la part de plusieurs&nbsp;<a href=\"https:\/\/www.bbc.com\/news\/articles\/cy4qgvwxp08o\">dirigeants<\/a>&nbsp;occidentaux, d\u2019une&nbsp;<a href=\"https:\/\/news.un.org\/en\/story\/2026\/01\/1166698\">r\u00e9action<\/a>&nbsp;hyper prudente du secr\u00e9taire g\u00e9n\u00e9ral de l\u2019ONU, d\u2019une&nbsp;<a href=\"https:\/\/www.theguardian.com\/world\/2026\/jan\/05\/un-security-council-trump-attack-venezuela\">condamnation<\/a>&nbsp;rh\u00e9torique des membres du Conseil de s\u00e9curit\u00e9, mais d\u2019aucune action, et d\u2019un&nbsp;<a href=\"https:\/\/www.leftvoice.org\/the-u-s-media-is-pushing-for-regime-change-and-war-in-venezuela\/\">soutien<\/a>&nbsp;enthousiaste des m\u00e9dias am\u00e9ricains et occidentaux.<\/p>\n\n\n\n<p>Comment cela est-il possible ?<\/p>\n\n\n\n<p>En termes simples, nous assistons \u00e0 l\u2019av\u00e8nement de l\u2019\u00e8re de l\u2019impunit\u00e9.<\/p>\n\n\n\n<h3 class=\"wp-block-heading\">En route vers Bethl\u00e9em<\/h3>\n\n\n\n<p>Les r\u00e9centes explosions au Venezuela, en Palestine, au Liban, en Syrie, en Iran, en Irak, en Somalie, au Y\u00e9men et au Nigeria, ainsi qu\u2019au-dessus de la mer Rouge, de la mer M\u00e9diterran\u00e9e et de la mer des Cara\u00efbes, ne sont pas seulement le signe d\u2019un spasme imp\u00e9rial momentan\u00e9 d\u2019un empire am\u00e9ricain en d\u00e9clin. Elles annoncent quelque chose de bien plus terrifiant\u2026<\/p>\n\n\n\n<p>Un nouveau monde est en train de na\u00eetre (ou peut-\u00eatre de rena\u00eetre, car il rappelle les horreurs de la premi\u00e8re moiti\u00e9 du XXe si\u00e8cle).<\/p>\n\n\n\n<p>Un monde totalement affranchi du droit international, voire des principes moraux les plus fondamentaux et universels.<\/p>\n\n\n\n<p>Une naissance que quiconque attentif aux machinations de l\u2019empire, de ses alli\u00e9s et de ses vassaux au cours des derni\u00e8res d\u00e9cennies aurait pu pr\u00e9dire.<\/p>\n\n\n\n<p>Des incarc\u00e9rations massives et des exc\u00e8s policiers de la \u00ab guerre contre la drogue \u00bb aux extraditions, ex\u00e9cutions et tortures de la \u00ab guerre contre le terrorisme \u00bb, en passant par l\u2019appauvrissement syst\u00e9matique du plus grand nombre afin de consolider la richesse et le pouvoir d\u2019une minorit\u00e9, l\u2019empire am\u00e9ricain est engag\u00e9 depuis des d\u00e9cennies dans une guerre qui a culmin\u00e9 avec l\u2019extermination du peuple palestinien et l\u2019attaque de cette semaine contre le Venezuela.<\/p>\n\n\n\n<p>Ces vagues d\u2019oppression sans cesse croissantes, si elles ne sont pas ma\u00eetris\u00e9es, nous menacent tous.<\/p>\n\n\n\n<p>Car dans un monde o\u00f9 m\u00eame le g\u00e9nocide n\u2019est pas une ligne rouge, il n\u2019y a alors aucune ligne rouge.<\/p>\n\n\n\n<h3 class=\"wp-block-heading\">Un enfant de l\u2019impunit\u00e9<\/h3>\n\n\n\n<p>Ce nouveau monde est le rejeton de l\u2019impunit\u00e9.<\/p>\n\n\n\n<p>Depuis plus de deux ans, le monde assiste passivement \u00e0 la ru\u00e9e de l\u2019<strong>Axe am\u00e9ricano-isra\u00e9lien<\/strong>&nbsp;\u00e0 travers l\u2019Asie occidentale, l\u2019Afrique et l\u2019Am\u00e9rique latine, dans une campagne sanglante de conqu\u00eate et de destruction.<\/p>\n\n\n\n<p>La Charte des Nations unies, le Statut de Rome, les lois de la guerre, les droits de l\u2019homme, le droit de la mer, les lois sur l\u2019usage de la force, tout cela a \u00e9t\u00e9 pi\u00e9tin\u00e9 et r\u00e9duit en ruines par les actions et les d\u00e9clarations de l\u2019axe, la complicit\u00e9 de ses alli\u00e9s et vassaux, et la complaisance des autres \u00c9tats.<\/p>\n\n\n\n<p>De leur c\u00f4t\u00e9, les institutions internationales mises en place au lendemain de la Seconde Guerre mondiale pour pr\u00e9venir et r\u00e9pondre \u00e0 de telles horreurs ont \u00e9t\u00e9 syst\u00e9matiquement corrompues, intimid\u00e9es ou \u00e9cras\u00e9es par l\u2019Axe.<\/p>\n\n\n\n<p>La Cour p\u00e9nale internationale est largement&nbsp;<a href=\"https:\/\/www.amnesty.org\/en\/latest\/campaigns\/2025\/03\/what-do-the-trump-administrations-sanctions-on-the-icc-mean-for-justice-and-human-rights\/\">paralys\u00e9e<\/a>&nbsp;face aux sanctions ill\u00e9gales des \u00c9tats-Unis. La Cour internationale de justice est confront\u00e9e \u00e0 un harc\u00e8lement et \u00e0 des pressions politiques sans pr\u00e9c\u00e9dent.<\/p>\n\n\n\n<p>Les rapporteurs des droits de l\u2019homme de l\u2019ONU font l\u2019objet d\u2019une campagne soutenue de&nbsp;<a href=\"https:\/\/mondoweiss.net\/2025\/07\/trump-sanctions-on-un-special-rapporteur-francesca-albanese-are-illegal-and-represent-further-u-s-complicity-in-genocide\/\">calomnie et de sanctions<\/a>. Et m\u00eame le Conseil de s\u00e9curit\u00e9 de l\u2019ONU s\u2019est soumis \u00e0 l\u2019empire am\u00e9ricain, comme en t\u00e9moigne sa&nbsp;<a href=\"https:\/\/www.chroniquepalestine.com\/conseil-securite-punit-victime-recompense-criminel\/\" target=\"_blank\" rel=\"noreferrer noopener\">r\u00e9solution 2803<\/a>&nbsp;de novembre 2025, qui approuve les plans totalement ill\u00e9gaux et ouvertement coloniaux de l\u2019administration Trump pour Gaza.<\/p>\n\n\n\n<p>Les \u00c9tats du monde occidental, qui se sont longtemps pr\u00e9sent\u00e9s comme les d\u00e9fenseurs des droits de l\u2019homme et du droit international, plut\u00f4t que de s\u2019opposer aux exc\u00e8s de l\u2019Axe, se sont pr\u00e9cipit\u00e9s pour baiser obs\u00e9quieusement la bague de l\u2019empereur et s\u2019incliner devant les gardiens sanguinaires de son projet colonial en Palestine.<\/p>\n\n\n\n<p>Et tous les freins pr\u00e9sum\u00e9s au sein des institutions de l\u2019empire lui-m\u00eame se sont r\u00e9v\u00e9l\u00e9s \u00eatre totalement complices, y compris les tribunaux, qui sont \u00e0 la fois politiquement motiv\u00e9s et g\u00e9n\u00e9ralement m\u00e9prisants \u00e0 l\u2019\u00e9gard du droit international, le Congr\u00e8s, lui-m\u00eame enti\u00e8rement corrompu par les lobbies, les entreprises et les milliardaires qui sont \u00e0 l\u2019origine des crimes am\u00e9ricains et isra\u00e9liens, et les m\u00e9dias corporatifs, qui se sont enti\u00e8rement consacr\u00e9s \u00e0 couvrir les causes imp\u00e9riales, extractives, corporatives et sionistes \u00e0 l\u2019origine de la violence qui envahit le monde aujourd\u2019hui.<\/p>\n\n\n\n<p>Oui, les peuples eux-m\u00eames se sont soulev\u00e9s, en nombre record, pour s\u2019opposer aux crimes de l\u2019Axe. Mais ils ont \u00e9t\u00e9 confront\u00e9s \u00e0 une r\u00e9pression syst\u00e9matique et brutale au sein de l\u2019empire et dans tout l\u2019Occident, et m\u00eame dans les \u00c9tats frontaliers captur\u00e9s d\u2019Asie occidentale.<\/p>\n\n\n\n<p>En cons\u00e9quence, l\u2019Axe a b\u00e9n\u00e9fici\u00e9 d\u2019une impunit\u00e9 absolue, encourageant des actes de plus en plus atroces, dans une escalade de violence qui a inclus des agressions contre des&nbsp;<a href=\"https:\/\/www.aljazeera.com\/news\/longform\/2025\/12\/29\/all-the-countries-israel-attacked-in-2025-animated-map\">pays d\u2019Asie<\/a>&nbsp;occidentale et d\u2019Afrique, une s\u00e9rie d\u2019<a href=\"https:\/\/www.lemonde.fr\/en\/international\/article\/2024\/09\/27\/one-map-to-visualize-70-years-of-targeted-assassinations-by-israel_6727462_4.html\">assassinats<\/a>, le ciblage de&nbsp;<a href=\"https:\/\/freedomflotilla.org\/2025\/10\/08\/iof-attacks\/\">bateaux humanitaires<\/a>&nbsp;en M\u00e9diterran\u00e9e, des&nbsp;<a href=\"https:\/\/mondoweiss.net\/2024\/09\/how-israel-attempts-to-justify-indiscriminate-attacks-on-civilians-and-why-its-failing\/\">attaques terroristes<\/a>&nbsp;transnationales avec des&nbsp;<em>pagers<\/em>&nbsp;pi\u00e9g\u00e9s, l\u2019<a href=\"https:\/\/www.ohchr.org\/en\/press-releases\/2025\/11\/un-special-committee-israeli-practices-occupied-territories-warns-israels\">occupation ill\u00e9gale<\/a>&nbsp;de plusieurs nations et un&nbsp;<a href=\"https:\/\/www.ohchr.org\/en\/press-releases\/2025\/09\/israel-has-committed-genocide-gaza-strip-un-commission-finds\">g\u00e9nocide<\/a>&nbsp;continu en Palestine.<\/p>\n\n\n\n<p>Dans ce contexte, personne ne devrait \u00eatre surpris par la criminalit\u00e9 flagrante des \u00c9tats-Unis qui imposent des mesures coercitives unilat\u00e9rales brutales visant \u00e0 affamer la population du Venezuela pour la soumettre, plusieurs tentatives de coup d\u2019\u00c9tat, une s\u00e9rie d\u2019ex\u00e9cutions extrajudiciaires de plaisanciers dans les Cara\u00efbes et l\u2019est du Pacifique, le piratage des p\u00e9troliers du pays et la saisie de leur cargaison, le bombardement et l\u2019invasion du pays, et l\u2019enl\u00e8vement violent du pr\u00e9sident et de la premi\u00e8re dame.<\/p>\n\n\n\n<p>C\u2019est ainsi que fonctionne l\u2019impunit\u00e9. Plus on la nourrit, plus elle devient vorace. Et le monde nourrit cette impunit\u00e9 depuis des d\u00e9cennies.<\/p>\n\n\n\n<p>L\u2019enfant monstrueux n\u00e9 de cette impunit\u00e9 h\u00e9rite des pires traits g\u00e9n\u00e9tiques de ses anc\u00eatres du XXe si\u00e8cle : racisme, imp\u00e9rialisme, colonialisme, fascisme, sionisme, agressivit\u00e9 et g\u00e9nocide. Mais il est d\u00e9sormais arm\u00e9 des terribles technologies du XXIe si\u00e8cle : surveillance, musellement et meurtre.<\/p>\n\n\n\n<p>Les effets de cette combinaison mortelle se font d\u00e9sormais sentir sur trois continents du Sud, tandis que le reste du monde vacille au bord du gouffre.<\/p>\n\n\n\n<h3 class=\"wp-block-heading\">Crimes imp\u00e9riaux au Venezuela<\/h3>\n\n\n\n<p>Si votre compr\u00e9hension des \u00e9v\u00e9nements au Venezuela provient des m\u00e9dias occidentaux complices, on peut vous pardonner de ne pas savoir que l\u2019attaque am\u00e9ricaine contre ce pays, ainsi que les actions qui l\u2019ont pr\u00e9c\u00e9d\u00e9e, \u00e9taient totalement ill\u00e9gales.<\/p>\n\n\n\n<p>D\u2019un point de vue juridique, cela ne pouvait \u00eatre qualifi\u00e9 d\u2019op\u00e9ration de maintien de l\u2019ordre. Il s\u2019agissait plut\u00f4t d\u2019une op\u00e9ration criminelle, pour laquelle les auteurs, ceux qui l\u2019ont ordonn\u00e9e et ceux qui ont suivi ces ordres ill\u00e9gaux, devraient \u00eatre tenus responsables en vertu de l\u2019\u00e9tat de droit.<\/p>\n\n\n\n<p>En effet, l\u2019ensemble des crimes internationaux perp\u00e9tr\u00e9s par les \u00c9tats-Unis au Venezuela est stup\u00e9fiant par son ampleur.<\/p>\n\n\n\n<p>Les&nbsp;<a href=\"https:\/\/www.ohchr.org\/sites\/default\/files\/documents\/issues\/ucm\/2025-12-04-pr-ucm-international-law-lifted.pdf\">sanctions<\/a>&nbsp;impos\u00e9es au Venezuela par les \u00c9tats-Unis en tant que mesures coercitives unilat\u00e9rales sont ill\u00e9gales au regard de la Charte des Nations unies et du droit international relatif aux droits de l\u2019homme.<\/p>\n\n\n\n<p>Les tentatives de coup d\u2019\u00c9tat soutenues par les \u00c9tats-Unis en&nbsp;<a href=\"https:\/\/peoplesdispatch.org\/2026\/01\/02\/the-us-war-on-venezuela-began-in-2001\/#:~:text=Bush%20to%20act%20against%20Ch%C3%A1vez,to%20dominate%20Venezuelan%20natural%20resources.\">2002<\/a>,&nbsp;<a href=\"https:\/\/monthlyreview.org\/repeated-attempts-at-a-coup-in-venezuela-have-failed-an-an-extraordinary-cost-excerpt-extraordinary-threat\/\">2019<\/a>&nbsp;et&nbsp;<a href=\"https:\/\/www.theguardian.com\/world\/2020\/may\/08\/his-head-wasnt-in-the-world-of-reality-how-the-plot-to-invade-venezuela-fell-apart\">2020<\/a>&nbsp;\u00e9taient&nbsp;<a href=\"https:\/\/www.icj-cij.org\/case\/70\">ill\u00e9gales<\/a>. Les actions secr\u00e8tes de la CIA dans le pays \u00e9taient ill\u00e9gales. Le&nbsp;<a href=\"https:\/\/www.aljazeera.com\/news\/2026\/1\/1\/us-kills-three-in-attack-on-alleged-drug-boats-searches-for-survivors\">meurtre de marins<\/a>&nbsp;dans les Cara\u00efbes et le Pacifique est&nbsp;<a href=\"https:\/\/www.ohchr.org\/sites\/default\/files\/Documents\/ProfessionalInterest\/executions.pdf\">ill\u00e9gal<\/a>&nbsp;et constitue une&nbsp;<a href=\"https:\/\/www.ohchr.org\/en\/special-procedures\/sr-executions\/international-standards\">ex\u00e9cution<\/a>&nbsp;totalement ill\u00e9gale au regard du droit international relatif aux droits de l\u2019homme.<\/p>\n\n\n\n<p>Le&nbsp;<a href=\"https:\/\/www.ohchr.org\/en\/press-releases\/2025\/12\/un-experts-condemn-united-states-blockade-and-aggression-against-venezuela\">blocus<\/a>&nbsp;am\u00e9ricain du Venezuela est ill\u00e9gal. Le&nbsp;<a href=\"https:\/\/thehill.com\/policy\/defense\/5658568-us-seizes-second-oil-tanker\/\">piratage<\/a>&nbsp;par les \u00c9tats-Unis de p\u00e9troliers v\u00e9n\u00e9zu\u00e9liens \u00e9tait ill\u00e9gal, car il s\u2019agissait d\u2019un acte d\u2019agression maritime au regard de la&nbsp;<a href=\"https:\/\/www.un.org\/en\/about-us\/un-charter\/full-text\">Charte<\/a>&nbsp;des Nations unies et du&nbsp;<a href=\"https:\/\/www.un.org\/depts\/los\/convention_agreements\/texts\/unclos\/unclos_e.pdf\">droit de la mer<\/a>, et d\u2019une violation des principes juridiques de l\u2019<a href=\"https:\/\/opil.ouplaw.com\/display\/10.1093\/law:epil\/9780199231690\/law-9780199231690-e1106\">immunit\u00e9<\/a>&nbsp;souveraine et de l\u2019immunit\u00e9 des \u00c9tats.<\/p>\n\n\n\n<p>Les bombardements, l\u2019invasion et les&nbsp;<a href=\"https:\/\/legal.un.org\/repertory\/art2\/english\/rep_supp7_vol1_art2_4.pdf\">menaces<\/a>&nbsp;ult\u00e9rieures de recours \u00e0 la force sont tous ill\u00e9gaux au regard de l\u2019<a href=\"https:\/\/www.un.org\/en\/about-us\/un-charter\/full-text\">article 2(4)<\/a>&nbsp;de la Charte des Nations unies, un trait\u00e9 qui lie les \u00c9tats-Unis.<\/p>\n\n\n\n<p>Les enl\u00e8vements de Nicolas Maduro et Cilia Flores \u00e9taient ill\u00e9gaux au regard de la&nbsp;<a href=\"https:\/\/www.un.org\/en\/about-us\/un-charter\/full-text\">Charte<\/a>, du droit international relatif aux droits de l\u2019homme, qui interdit les&nbsp;<a href=\"https:\/\/www.ohchr.org\/en\/instruments-mechanisms\/instruments\/international-covenant-civil-and-political-rights\">arrestations et d\u00e9tentions<\/a>&nbsp;arbitraires, ainsi que du principe internationalement reconnu de l\u2019<a href=\"https:\/\/legal.un.org\/ilc\/reports\/2022\/english\/chp6.pdf\">immunit\u00e9<\/a>&nbsp;des chefs d\u2019\u00c9tat.<\/p>\n\n\n\n<p>La violence utilis\u00e9e lors de l\u2019enl\u00e8vement, fond\u00e9e sur une arrestation ill\u00e9gale et ayant entra\u00een\u00e9 des blessures importantes \u00e0 Mme Flores, \u00e9tait&nbsp;<a href=\"https:\/\/www.icrc.org\/sites\/default\/files\/external\/doc\/en\/assets\/files\/other\/icrc_002_0943.pdf\">ill\u00e9gale<\/a>. Le fait de&nbsp;<a href=\"https:\/\/www.aljazeera.com\/video\/newsfeed\/2026\/1\/4\/photo-of-maduro-bound-and-blindfolded-posted-by-trump-sparks-condemnation\">faire d\u00e9filer<\/a>&nbsp;en public et de partager des photos de M. Maduro ligot\u00e9 \u00e9tait&nbsp;<a href=\"https:\/\/ihl-databases.icrc.org\/en\/ihl-treaties\/gciii-1949\/article-13\/commentary\/2020\">ill\u00e9gal<\/a>&nbsp;au regard du droit international humanitaire.<\/p>\n\n\n\n<p>La&nbsp;<a href=\"https:\/\/www.aljazeera.com\/video\/newsfeed\/2026\/1\/4\/photo-of-maduro-bound-and-blindfolded-posted-by-trump-sparks-condemnation\">privation sensorielle<\/a>&nbsp;impos\u00e9e \u00e0 M. Maduro (avec des bandeaux sur les yeux et des protections pour les oreilles) \u00e9tait&nbsp;<a href=\"https:\/\/www.amnesty.org\/en\/wp-content\/uploads\/2021\/08\/act400052005en.pdf\">ill\u00e9gale<\/a>. Et, comme son arrestation (enl\u00e8vement) \u00e9tait ill\u00e9gale, sa d\u00e9tention prolong\u00e9e est \u00e9galement&nbsp;<a href=\"https:\/\/www.ohchr.org\/en\/press-releases\/2014\/10\/liberty-and-security-human-rights-committee-clarifies-limits-detention#:~:text=The%20International%20Covenant%20on%20Civil%20and%20Political,authorized%20by%20law%20to%20exercise%20judicial%20power\">ill\u00e9gale<\/a>, au regard du droit international des droits de l\u2019homme.<\/p>\n\n\n\n<p>Les \u00c9tats-Unis n\u2019ont aucune d\u00e9fense juridique cr\u00e9dible pour leurs crimes internationaux au Venezuela. Leurs violations sont \u00e9videntes et leur culpabilit\u00e9 est claire. Conscients de cela, ils tentent de substituer leur propre droit interne au droit international et d\u2019appliquer ce droit de mani\u00e8re extraterritoriale, ce qui constitue en soi un acte d\u2019imp\u00e9rialisme flagrant.<\/p>\n\n\n\n<p>Le gouvernement Trump agit ainsi parce qu\u2019il sait que la l\u00e9gislation am\u00e9ricaine est souvent en contradiction avec les normes internationales et que les tribunaux am\u00e9ricains sont notoirement chauvins, extr\u00eamement d\u00e9f\u00e9rents envers le gouvernement sur les questions internationales, enclins \u00e0 accorder une grande latitude au gouvernement lorsqu\u2019il invoque des pr\u00e9occupations de \u00ab s\u00e9curit\u00e9 nationale \u00bb, g\u00e9n\u00e9ralement m\u00e9prisants \u00e0 l\u2019\u00e9gard du droit international (qu\u2019ils qualifient souvent, de mani\u00e8re d\u00e9risoire et incorrecte, de \u00ab droit \u00e9tranger \u00bb) et, avec des juges nomm\u00e9s pour des raisons politiques, sont soumis \u00e0 l\u2019influence politique.<\/p>\n\n\n\n<p>Il s\u2019appuie \u00e9galement sur la \u00ab d\u00e9fense par mot magique \u00bb, selon laquelle la simple r\u00e9citation de termes tels que \u00ab terrorisme \u00bb et son cousin fictif plus r\u00e9cent, \u00ab narco-terrorisme \u00bb, cr\u00e9e un sentiment d\u2019exceptionnalit\u00e9, suscitant ainsi l\u2019adh\u00e9sion du public et d\u2019une partie du pouvoir judiciaire.<\/p>\n\n\n\n<p>Dans ces circonstances, m\u00eame si l\u2019issue n\u2019est pas garantie, les chances d\u2019un proc\u00e8s \u00e9quitable pour Maduro et Flores sont au mieux limit\u00e9es.<\/p>\n\n\n\n<h3 class=\"wp-block-heading\">Le lien avec Isra\u00ebl<\/h3>\n\n\n\n<p>Dans son premier discours public depuis les attentats aux \u00c9tats-Unis, la vice-pr\u00e9sidente v\u00e9n\u00e9zu\u00e9lienne (et d\u00e9sormais pr\u00e9sidente par int\u00e9rim) Delcy Rodriguez a d\u00e9clar\u00e9 que l\u2019attaque contre le pays avait \u00ab des&nbsp;<a href=\"https:\/\/www.middleeasteye.net\/news\/interim-venezuelan-leader-offers-collaborate-us-after-trump-warning\">connotations sionistes<\/a>&nbsp;\u00bb.<\/p>\n\n\n\n<p>Bien qu\u2019elle n\u2019ait pas donn\u00e9 plus de d\u00e9tails, le r\u00f4le du r\u00e9gime isra\u00e9lien dans le soutien aux forces de droite et la d\u00e9stabilisation des gouvernements progressistes de la r\u00e9gion est d\u00e9sormais bien connu.<\/p>\n\n\n\n<p>Les armes, les technologies de surveillance, les renseignements, la formation et l\u2019influence isra\u00e9liens, par l\u2019interm\u00e9diaire de mandataires dans la r\u00e9gion, sont une constante en Am\u00e9rique latine depuis des d\u00e9cennies.<\/p>\n\n\n\n<p>De leur c\u00f4t\u00e9, les dirigeants du r\u00e9gime isra\u00e9lien se sont&nbsp;<a href=\"https:\/\/www.i24news.tv\/en\/news\/israel\/diplomacy\/artc-israeli-leadership-hails-trump-for-brave-brilliant-venezuela-operation\">r\u00e9jouis<\/a>&nbsp;avec enthousiasme des attaques et de l\u2019enl\u00e8vement du pr\u00e9sident v\u00e9n\u00e9zu\u00e9lien (et ont&nbsp;<a href=\"https:\/\/www.middleeasteye.net\/news\/israeli-media-and-us-lawmakers-signal-iran-intervention-following-venezuela-attack\">exprim\u00e9<\/a>&nbsp;leur espoir que les prochaines attaques aient lieu en Iran).<\/p>\n\n\n\n<p>Et cela n\u2019a rien de surprenant. Depuis l\u2019\u00e9lection d\u2019Hugo Ch\u00e1vez et le lancement de la r\u00e9volution bolivarienne il y a plus d\u2019un quart de si\u00e8cle, le Venezuela a affirm\u00e9 son ind\u00e9pendance, r\u00e9sist\u00e9 \u00e0 l\u2019h\u00e9g\u00e9monie am\u00e9ricaine, utilis\u00e9 ses richesses p\u00e9troli\u00e8res et min\u00e9rales pour am\u00e9liorer les conditions de vie dans le pays et s\u2019est montr\u00e9 solidaire de la lutte des Palestiniens pour les droits humains.<\/p>\n\n\n\n<p>Comme l\u2019Iran, l\u2019Irak et la Libye avant lui, cette combinaison de facteurs a plac\u00e9 le Venezuela dans le collimateur de l\u2019Axe am\u00e9ricano-isra\u00e9lien.<\/p>\n\n\n\n<p>De plus, le r\u00e9gime isra\u00e9lien a une&nbsp;<a href=\"https:\/\/www.wrmea.org\/turkiye-other\/israels-bloodstained-legacy-in-latin-america.html\">longue histoire<\/a>&nbsp;d\u2019attaques contre les forces progressistes, de soutien aux r\u00e9gimes de droite, aux escadrons de la mort et aux dictateurs, et de propagation des conflits \u00e0 travers l\u2019Am\u00e9rique latine.<\/p>\n\n\n\n<p>Au fil des d\u00e9cennies, ses&nbsp;<a href=\"https:\/\/www.aljazeera.com\/news\/2003\/6\/5\/israels-latin-american-trail-of-terror\">empreintes sanglantes<\/a>&nbsp;ont \u00e9t\u00e9 r\u00e9v\u00e9l\u00e9es au grand jour en Argentine, en Bolivie, au Br\u00e9sil, en Colombie, au Costa Rica, en R\u00e9publique dominicaine, en \u00c9quateur, au Salvador, au Guatemala, en Ha\u00efti, au Honduras, au Nicaragua, au Panama, au Paraguay, au P\u00e9rou et au Venezuela.<\/p>\n\n\n\n<p>Ceci, ajout\u00e9 aux convictions anticolonialistes dans la r\u00e9gion, explique le d\u00e9go\u00fbt avec lequel les gouvernements latino-am\u00e9ricains de gauche consid\u00e8rent le r\u00e9gime isra\u00e9lien. Cela explique \u00e9galement pourquoi les mouvements et les dirigeants d\u2019extr\u00eame droite de la r\u00e9gion d\u00e9clarent r\u00e9guli\u00e8rement leur soutien fanatique au r\u00e9gime et au projet sioniste, m\u00eame en plein g\u00e9nocide en Palestine.<\/p>\n\n\n\n<p>Alors que les gouvernements progressistes de la r\u00e9gion ont condamn\u00e9 le g\u00e9nocide, se sont joints \u00e0 la plainte pour g\u00e9nocide d\u00e9pos\u00e9e contre Isra\u00ebl devant la CIJ et ont rompu leurs relations diplomatiques avec le r\u00e9gime, les gouvernements de droite, ainsi que les dirigeants de l\u2019opposition de droite au Venezuela, ont fait l\u2019<a href=\"https:\/\/en.al-akhbar.com\/news\/who-is-maria-corina-machado--the-us-backed-face-of-venezuela\">\u00e9loge<\/a>&nbsp;du r\u00e9gime isra\u00e9lien et se sont engag\u00e9s \u00e0&nbsp;<a href=\"https:\/\/www.aljazeera.com\/news\/2025\/8\/12\/argentinas-javier-milei-launches-group-to-boost-israel-latin-america-ties\">coop\u00e9rer<\/a>&nbsp;encore plus \u00e9troitement avec lui.<\/p>\n\n\n\n<p>Le r\u00e9gime isra\u00e9lien est, comme il l\u2019a toujours \u00e9t\u00e9, profond\u00e9ment investi dans la destruction des gouvernements de gauche en Am\u00e9rique latine et le soutien de la droite.<\/p>\n\n\n\n<p>Dans le m\u00eame temps, l\u2019opposition du Venezuela au r\u00e9gime isra\u00e9lien, qui d\u00e9tient \u00e9galement les plus grandes r\u00e9serves de p\u00e9trole au monde, est consid\u00e9r\u00e9e par l\u2019Axe am\u00e9ricano-isra\u00e9lien comme un obstacle potentiel \u00e0 ses plans n\u00e9fastes de guerre contre l\u2019Iran.<\/p>\n\n\n\n<p>Les capacit\u00e9s p\u00e9troli\u00e8res de l\u2019Iran, et en particulier son contr\u00f4le effectif sur le d\u00e9troit d\u2019Ormuz (et donc sur les march\u00e9s mondiaux de l\u2019\u00e9nergie), rendent le contr\u00f4le du p\u00e9trole v\u00e9n\u00e9zu\u00e9lien particuli\u00e8rement&nbsp;<a href=\"https:\/\/en.annahar.com\/en\/international\/us\/267131\/venezuelas-quiet-return-to-center-stage-in-us-energy-strategy\">attrayant<\/a>&nbsp;pour l\u2019axe alors qu\u2019il se pr\u00e9pare \u00e0 renouveler ses attaques contre l\u2019Iran.<\/p>\n\n\n\n<p>Ainsi, les principaux moteurs de l\u2019agression am\u00e9ricaine contre les pays du Sud sont la possession de richesses min\u00e9rales convoit\u00e9es par les entreprises am\u00e9ricaines, le refus de se soumettre \u00e0 l\u2019h\u00e9g\u00e9monie am\u00e9ricaine et l\u2019opposition aux crimes du r\u00e9gime isra\u00e9lien. Le Venezuela est coupable de ces trois chefs d\u2019accusation.<\/p>\n\n\n\n<p>Et ce sont l\u00e0 les v\u00e9ritables \u00ab crimes \u00bb pour lesquels il est poursuivi.<\/p>\n\n\n\n<h3 class=\"wp-block-heading\">La vie apr\u00e8s le droit<\/h3>\n\n\n\n<p>Le projet naissant de droit international a toujours \u00e9t\u00e9 \u00e0 la fois faible et embryonnaire. Mais les garde-fous mis en place depuis 1945 offraient un certain espoir d\u2019un monde r\u00e9gi, au moins en partie, par la primaut\u00e9 du droit plut\u00f4t que par la seule force. Et un consensus mondial s\u2019\u00e9tait \u00e9tabli selon lequel les crimes les plus graves \u2013 l\u2019agression et le g\u00e9nocide \u2013 \u00e9taient consid\u00e9r\u00e9s comme inacceptables.<\/p>\n\n\n\n<p>L\u2019Axe \u00c9tats-Unis-Isra\u00ebl, si souvent accus\u00e9 de violer le droit international, a perdu patience avec l\u2019ensemble du projet et, avec le g\u00e9nocide en Palestine, les bombardements de l\u2019Axe dans des pays du monde entier et maintenant l\u2019agression au Venezuela, il a d\u00e9clar\u00e9 au monde qu\u2019un nouvel ordre \u00e9tait n\u00e9. Un ordre dans lequel tous doivent se plier \u00e0 l\u2019empire ou p\u00e9rir.<\/p>\n\n\n\n<p>Il n\u2019est pas trop tard pour que le monde se mobilise afin d\u2019emp\u00eacher l\u2019\u00e9mergence de ce nouvel ordre monstrueux. Les mouvements populaires au sein et au-del\u00e0 de l\u2019empire peuvent le contester avec l\u2019urgence et l\u2019unit\u00e9 d\u2019intention n\u00e9cessaires. La majorit\u00e9 mondiale, men\u00e9e par les nations libres du Sud, pourrait s\u2019unir comme elle l\u2019a fait dans les ann\u00e9es 1960 et 1970 pour d\u00e9fier l\u2019empire et tracer une ligne de principe, centr\u00e9e sur l\u2019action collective pour la paix, la s\u00e9curit\u00e9, l\u2019autod\u00e9termination et les droits humains des peuples partout dans le monde.<\/p>\n\n\n\n<p>Malheureusement, \u00e0 ce jour, rien n\u2019indique que cela soit en train de se produire.<\/p>\n\n\n\n<p>En attendant, le message clair et sans \u00e9quivoque que le r\u00e9gime imp\u00e9rial am\u00e9ricain, son chien d\u2019attaque isra\u00e9lien et ses l\u00e9gions de vassaux occidentaux serviles envoient au monde, aux \u00c9tats-nations dans leur ligne de mire et \u00e0 tous les peuples qui r\u00e9sistent \u00e0 l\u2019occupation \u00e9trang\u00e8re, \u00e0 la domination coloniale et aux r\u00e9gimes racistes est le suivant : \u00ab la diplomatie ne vous sauvera pas. Le droit international ne vous sauvera pas. Les Nations unies ne vous sauveront pas. Et nous venons vous chercher. \u00bb<\/p>\n\n\n\n<h3 class=\"wp-block-heading\">Auteur :&nbsp;<a href=\"https:\/\/www.chroniquepalestine.com\/writers\/craig-mokhiber\">Craig Mokhiber<\/a><\/h3>\n\n\n\n<figure class=\"wp-block-image alignleft\"><img decoding=\"async\" src=\"https:\/\/www.chroniquepalestine.com\/wp-content\/uploads\/2024\/08\/01-10.jpg\" alt=\"\" class=\"wp-image-41622\"\/><\/figure>\n\n\n\n<p>*&nbsp;<strong>Craig Mokhiber<\/strong>&nbsp;est un avocat international sp\u00e9cialis\u00e9 dans les droits de l&rsquo;homme et un ancien haut fonctionnaire des Nations unies.<br>Il a quitt\u00e9 l&rsquo;ONU en octobre 2023, apr\u00e8s avoir r\u00e9dig\u00e9 une lettre tr\u00e8s remarqu\u00e9e qui mettait en garde contre un g\u00e9nocide \u00e0 Gaza, critiquait la r\u00e9action internationale et appelait \u00e0 une nouvelle approche de la Palestine et d&rsquo;Isra\u00ebl fond\u00e9e sur l&rsquo;\u00e9galit\u00e9, les droits de l&rsquo;homme et le droit international.<\/p>\n","protected":false},"excerpt":{"rendered":"<p>Par&nbsp;Craig Mokhiber Les r\u00e9centes d\u00e9flagrations au Venezuela, en Palestine, au Liban, en Syrie, en Iran, en Irak, en Somalie, au Y\u00e9men et au Nigeria ne sont pas seulement les derniers soubresauts d\u2019un empire am\u00e9ricain en d\u00e9clin. Elles sont bien plus terrifiantes : elles marquent l\u2019av\u00e8nement d\u2019une \u00e8re d\u2019impunit\u00e9. Le 3 janvier 2026, sans provocation, sans [&hellip;]<\/p>\n","protected":false},"author":5,"featured_media":0,"comment_status":"open","ping_status":"open","sticky":false,"template":"","format":"standard","meta":{"footnotes":""},"categories":[27,26],"tags":[],"class_list":["post-130","post","type-post","status-publish","format-standard","hentry","category-droit-international","category-usa"],"_links":{"self":[{"href":"https:\/\/www.palestine45.fr\/wordpress\/index.php?rest_route=\/wp\/v2\/posts\/130","targetHints":{"allow":["GET"]}}],"collection":[{"href":"https:\/\/www.palestine45.fr\/wordpress\/index.php?rest_route=\/wp\/v2\/posts"}],"about":[{"href":"https:\/\/www.palestine45.fr\/wordpress\/index.php?rest_route=\/wp\/v2\/types\/post"}],"author":[{"embeddable":true,"href":"https:\/\/www.palestine45.fr\/wordpress\/index.php?rest_route=\/wp\/v2\/users\/5"}],"replies":[{"embeddable":true,"href":"https:\/\/www.palestine45.fr\/wordpress\/index.php?rest_route=%2Fwp%2Fv2%2Fcomments&post=130"}],"version-history":[{"count":1,"href":"https:\/\/www.palestine45.fr\/wordpress\/index.php?rest_route=\/wp\/v2\/posts\/130\/revisions"}],"predecessor-version":[{"id":132,"href":"https:\/\/www.palestine45.fr\/wordpress\/index.php?rest_route=\/wp\/v2\/posts\/130\/revisions\/132"}],"wp:attachment":[{"href":"https:\/\/www.palestine45.fr\/wordpress\/index.php?rest_route=%2Fwp%2Fv2%2Fmedia&parent=130"}],"wp:term":[{"taxonomy":"category","embeddable":true,"href":"https:\/\/www.palestine45.fr\/wordpress\/index.php?rest_route=%2Fwp%2Fv2%2Fcategories&post=130"},{"taxonomy":"post_tag","embeddable":true,"href":"https:\/\/www.palestine45.fr\/wordpress\/index.php?rest_route=%2Fwp%2Fv2%2Ftags&post=130"}],"curies":[{"name":"wp","href":"https:\/\/api.w.org\/{rel}","templated":true}]}}