{"id":146,"date":"2026-01-12T14:22:26","date_gmt":"2026-01-12T14:22:26","guid":{"rendered":"https:\/\/www.palestine45.fr\/wordpress\/?p=146"},"modified":"2026-01-12T14:22:26","modified_gmt":"2026-01-12T14:22:26","slug":"le-pacbi-sassocie-pour-le-boycott-du-festival-raciste-anti-palestinien-dadelaide-en-australie","status":"publish","type":"post","link":"https:\/\/www.palestine45.fr\/wordpress\/?p=146","title":{"rendered":"Le PACBI s\u2019associe pour le boycott du festival raciste anti-palestinien d&rsquo;Adelaide en Australie !"},"content":{"rendered":"\n<p>La Campagne palestinienne pour le boycott acad\u00e9mique et culturel d\u2019Isra\u00ebl (PACBI) soutient les appels au boycott du festival d\u2019Ad\u00e9la\u00efde en Australie, dont le conseil d\u2019administration s\u2019est engag\u00e9 dans un racisme et une censure anti-palestiniens explicites. Annulant l\u2019apparition de l\u2019auteure, avocate et sociologue palestinienne australienne Randa Abdel-Fattah \u00e0 la Semaine des \u00e9crivains d\u2019Ad\u00e9la\u00efde sur la base de son identit\u00e9, le conseil d\u2019administration a absurdement cit\u00e9 la \u00absensibilit\u00e9 culturelle\u00bb comme raison. Cette d\u00e9cision raciste sans vergogne d\u00e9shumanise efficacement les Palestiniens et normalise le g\u00e9nocide et les crimes de guerre d\u2019Isra\u00ebl.<\/p>\n\n\n\n<p>PACBI, membre fondateur de la plus grande coalition palestinienne qui dirige le mouvement mondial Boycott, D\u00e9sinvestissement et Sanctions (BDS), f\u00e9licite les cinquante \u00e9crivains qui se sont d\u00e9j\u00e0 retir\u00e9s de la Semaine des \u00e9crivains d\u2019Ad\u00e9la\u00efde \u00e0 la suite de l\u2019annulation raciste par le conseil de festival d\u2019Abdel-Fattah. Nous soutenons le boycott croissant de la Semaine des \u00e9crivains d\u2019Ad\u00e9la\u00efde, et nous appelons <a href=\"https:\/\/www.adelaidefestival.com.au\/whats-on\">tous<\/a> les <a href=\"https:\/\/www.adelaidefestival.com.au\/whats-on\">participants<\/a> au Festival d\u2019Ad\u00e9la\u00efde plus large \u00e0 se retirer.<\/p>\n\n\n\n<p>Le Festival d\u2019Ad\u00e9la\u00efde est financ\u00e9 et associ\u00e9 au gouvernement de l\u2019Australie du Sud, dont le Premier ministre a d\u00e9clar\u00e9 qu\u2019il soutenait la d\u00e9cision du conseil d\u2019administration du festival d\u2019Ad\u00e9la\u00efde d\u2019annuler l\u2019apparition d\u2019Abdel-Fattah. Les Palestiniens condamnent cette r\u00e9pression \u00e9tatique et institutionnelle, et nous exhortons tous les participants \u00e0 la f\u00eate \u00e0 se retirer, en solidarit\u00e9 avec Abdel-Fattah, en faveur de la libert\u00e9 d\u2019expression, et affirmant leur opposition \u00e0 toutes les formes de racisme.<\/p>\n\n\n\n<p>Tout au long du g\u00e9nocide en cours d\u2019Isra\u00ebl contre les Palestiniens de 2,3M \u00e0 Gaza, le gouvernement f\u00e9d\u00e9ral australien a \u00e9t\u00e9 complice sans vergogne. Il entretient des liens militaires, diplomatiques et commerciaux avec Isra\u00ebl, et a autoris\u00e9 les fabricants d\u2019armes australiens \u00e0 fournir des composants cruciaux pour les avions de combat F35 d\u2019apartheid isra\u00e9liens, utilis\u00e9s pour massacrer les Palestiniens \u00e0 Gaza assi\u00e9g\u00e9. \u00c0 la suite de la pression du public, il <a href=\"https:\/\/www.amnesty.org.au\/australian-department-of-defence-directive-on-arms-exports-to-israel-a-win-for-public-pressure\/\">aurait<\/a> charg\u00e9 les fabricants d\u2019armes d\u2019interdire les ventes directes, mais cela <a href=\"https:\/\/greens.org.au\/news\/media-release\/fresh-restrictions-weapons-exports-israel-show-power-free-palestine-movement\">n\u2019affecte<\/a> probablement <a href=\"https:\/\/greens.org.au\/news\/media-release\/fresh-restrictions-weapons-exports-israel-show-power-free-palestine-movement\">pas<\/a> les pi\u00e8ces F35, et d\u2019autres pi\u00e8ces fabriqu\u00e9es en Australie atteignent toujours Isra\u00ebl g\u00e9nocidaire par l\u2019interm\u00e9diaire de pays tiers et de cha\u00eenes d\u2019approvisionnement internationales.<\/p>\n\n\n\n<figure class=\"wp-block-image size-full\"><img loading=\"lazy\" decoding=\"async\" width=\"480\" height=\"155\" src=\"https:\/\/www.palestine45.fr\/wordpress\/wp-content\/uploads\/2026\/01\/BDS.jpg\" alt=\"\" class=\"wp-image-147\" srcset=\"https:\/\/www.palestine45.fr\/wordpress\/wp-content\/uploads\/2026\/01\/BDS.jpg 480w, https:\/\/www.palestine45.fr\/wordpress\/wp-content\/uploads\/2026\/01\/BDS-300x97.jpg 300w\" sizes=\"auto, (max-width: 480px) 100vw, 480px\" \/><\/figure>\n\n\n\n<p>Dans la litt\u00e9rature, la solidarit\u00e9 significative avec les Palestiniens a augment\u00e9 de mani\u00e8re exponentielle pendant le g\u00e9nocide d\u2019Isra\u00ebl \u00e0 Gaza. Plus de 7.000 \u00e9crivains ont <a href=\"https:\/\/www.palfest.org\/refusing-complicity\">soutenu<\/a> l\u2019appel palestinien au boycott culturel de l\u2019apartheid d\u2019Isra\u00ebl et de ses institutions complices. Des centaines d\u2019\u00e9diteurs ont <a href=\"https:\/\/publishersforpalestine.org\/2025\/01\/30\/international-publishers-call-for-a-boycott-of-the-frankfurt-book-fair\/\">appel\u00e9<\/a> au boycott de la Foire du livre de Francfort, qui a annul\u00e9 un prix \u00e0 l\u2019auteure palestinienne Adania Shibli et anime des \u00e9diteurs isra\u00e9liens complices.<\/p>\n\n\n\n<p>Les Palestiniens saluent les \u00e9crivains et les institutions litt\u00e9raires reconnaissant leur devoir \u00e9thique de mettre fin \u00e0 la complicit\u00e9 dans l\u2019oppression d\u2019Isra\u00ebl contre les Palestiniens, qui rejoignent des dizaines de milliers d\u2019autres travailleurs culturels, y compris des <a href=\"https:\/\/filmworkersforpalestine.org\/#endingcomplicity\">cin\u00e9astes<\/a> et des <a href=\"https:\/\/nomusicforgenocide.org\">musiciens<\/a>. Nous exhortons tous les artistes et les institutions culturelles \u00e0 d\u00e9fendre la lib\u00e9ration palestinienne et la libert\u00e9 d\u2019expression et contre le racisme sous toutes ses formes, y compris le racisme anti-palestinien. Boycotter le festival d&rsquo;Ad\u00e9la\u00efde.<\/p>\n","protected":false},"excerpt":{"rendered":"<p>La Campagne palestinienne pour le boycott acad\u00e9mique et culturel d\u2019Isra\u00ebl (PACBI) soutient les appels au boycott du festival d\u2019Ad\u00e9la\u00efde en Australie, dont le conseil d\u2019administration s\u2019est engag\u00e9 dans un racisme et une censure anti-palestiniens explicites. Annulant l\u2019apparition de l\u2019auteure, avocate et sociologue palestinienne australienne Randa Abdel-Fattah \u00e0 la Semaine des \u00e9crivains d\u2019Ad\u00e9la\u00efde sur la base [&hellip;]<\/p>\n","protected":false},"author":5,"featured_media":147,"comment_status":"open","ping_status":"open","sticky":false,"template":"","format":"standard","meta":{"footnotes":""},"categories":[11,28,15],"tags":[],"class_list":["post-146","post","type-post","status-publish","format-standard","has-post-thumbnail","hentry","category-australie","category-boycott-desinvestissements-sanctions","category-colonialisme"],"_links":{"self":[{"href":"https:\/\/www.palestine45.fr\/wordpress\/index.php?rest_route=\/wp\/v2\/posts\/146","targetHints":{"allow":["GET"]}}],"collection":[{"href":"https:\/\/www.palestine45.fr\/wordpress\/index.php?rest_route=\/wp\/v2\/posts"}],"about":[{"href":"https:\/\/www.palestine45.fr\/wordpress\/index.php?rest_route=\/wp\/v2\/types\/post"}],"author":[{"embeddable":true,"href":"https:\/\/www.palestine45.fr\/wordpress\/index.php?rest_route=\/wp\/v2\/users\/5"}],"replies":[{"embeddable":true,"href":"https:\/\/www.palestine45.fr\/wordpress\/index.php?rest_route=%2Fwp%2Fv2%2Fcomments&post=146"}],"version-history":[{"count":1,"href":"https:\/\/www.palestine45.fr\/wordpress\/index.php?rest_route=\/wp\/v2\/posts\/146\/revisions"}],"predecessor-version":[{"id":148,"href":"https:\/\/www.palestine45.fr\/wordpress\/index.php?rest_route=\/wp\/v2\/posts\/146\/revisions\/148"}],"wp:featuredmedia":[{"embeddable":true,"href":"https:\/\/www.palestine45.fr\/wordpress\/index.php?rest_route=\/wp\/v2\/media\/147"}],"wp:attachment":[{"href":"https:\/\/www.palestine45.fr\/wordpress\/index.php?rest_route=%2Fwp%2Fv2%2Fmedia&parent=146"}],"wp:term":[{"taxonomy":"category","embeddable":true,"href":"https:\/\/www.palestine45.fr\/wordpress\/index.php?rest_route=%2Fwp%2Fv2%2Fcategories&post=146"},{"taxonomy":"post_tag","embeddable":true,"href":"https:\/\/www.palestine45.fr\/wordpress\/index.php?rest_route=%2Fwp%2Fv2%2Ftags&post=146"}],"curies":[{"name":"wp","href":"https:\/\/api.w.org\/{rel}","templated":true}]}}