{"id":158,"date":"2026-01-16T13:53:20","date_gmt":"2026-01-16T13:53:20","guid":{"rendered":"https:\/\/www.palestine45.fr\/wordpress\/?p=158"},"modified":"2026-01-16T13:53:20","modified_gmt":"2026-01-16T13:53:20","slug":"controler-laide-humanitaire-a-gaza-une-obsession-israelienne","status":"publish","type":"post","link":"https:\/\/www.palestine45.fr\/wordpress\/?p=158","title":{"rendered":"Contr\u00f4ler l\u2019aide humanitaire \u00e0 Gaza\u00a0: une obsession isra\u00e9lienne"},"content":{"rendered":"\n<p>Le bannissement des territoires palestiniens de trente-sept ONG internationales parmi les plus importantes n\u2019est pas une surprise. C\u2019est une \u00e9tape suppl\u00e9mentaire dans le processus de contr\u00f4le complet des acteurs humanitaires par Isra\u00ebl, aux d\u00e9pens des civils palestiniens.<\/p>\n\n\n\n<p><a href=\"https:\/\/www.mediapart.fr\/biographie\/gwenaelle-lenoir\">Gwenaelle Lenoir<\/a><\/p>\n\n\n\n<p>2 janvier 2026 \u00e0 20h58<\/p>\n\n\n\n<p><strong>Cet article vous a&nbsp;\u00e9t\u00e9&nbsp;offert.<br><\/strong> D\u00e9couvrez tout Mediapart pendant 15&nbsp;jours pour&nbsp;1\u20ac.<\/p>\n\n\n\n<p>2 janvier 2026 \u00e0 20h58<\/p>\n\n\n\n<p>SoinsSoins de sant\u00e9, distribution alimentaire, h\u00e9bergement, eau et assainissement, \u00e9ducation, soutien psychologique&nbsp;: autant de besoins basiques auxquels les Palestinien\u00b7nes de la bande de Gaza ont le plus grand mal \u00e0 subvenir dans un territoire <a href=\"https:\/\/www.mediapart.fr\/journal\/dossier\/international\/l-aneantissement-de-la-bande-de-gaza\">d\u00e9truit<\/a> \u00e0 plus de 80&nbsp;% selon les Nations unies.<\/p>\n\n\n\n<p>Bient\u00f4t, ce sera encore pire. Encore plus difficile. Encore plus insupportable.<\/p>\n\n\n\n<p>Car aujourd\u2019hui, plus de deux cents agences onusiennes et d\u2019ONG internationales travaillent d\u2019arrache-pied, aux c\u00f4t\u00e9s du tissu d\u2019organisations locales, \u00e0 maintenir un semblant de vie basique. Et nombre de ces m\u00eames acteurs t\u00e9moignent de la r\u00e9alit\u00e9 de la guerre g\u00e9nocidaire et de ses cons\u00e9quences, dans tous les domaines et pour toutes et tous&nbsp;: enfants, femmes, hommes, jeunes, vieillards.<\/p>\n\n\n\n<figure class=\"wp-block-image\"><img decoding=\"async\" src=\"https:\/\/static.mediapart.fr\/etmagine\/article_google_discover\/files\/2026\/01\/02\/260102-img-israel-ong-2.jpg\" alt=\"Illustration 1\"\/><figcaption class=\"wp-element-caption\">Des Palestiniens vivent dans des abris de fortune et des conditions extr\u00eamement difficiles \u00e0 Nuseirat, dans la bande de Gaza, le 28 d\u00e9cembre 2025. \u00a9&nbsp;Photo Hassan Jedi \/ Anadolu via AFP<\/figcaption><\/figure>\n\n\n\n<p>Seulement, depuis le 1<sup>er&nbsp;<\/sup>janvier, trente-sept des organisations non gouvernementales internationales les plus importantes et les plus anciennement implant\u00e9es ont vu leur enregistrement refus\u00e9, donc leur autorisation de travail r\u00e9voqu\u00e9e. Ce dernier est indispensable \u00e0 leurs activit\u00e9s, \u00e0 l\u2019entr\u00e9e des personnels internationaux, des biens et marchandises, et pour le contact avec l\u2019arm\u00e9e isra\u00e9lienne qui facilite les d\u00e9placements en zone rouge et \u00e9vite \u2013 normalement \u2013 que leurs installations ne soient vis\u00e9es par des tirs ou des frappes.<\/p>\n\n\n\n<p>Les ONG internationales bannies devront avoir pli\u00e9 bagage le 1<sup>er&nbsp;<\/sup>mars, ainsi qu\u2019en a d\u00e9cid\u00e9 le minist\u00e8re de la diaspora et de la lutte contre l\u2019antis\u00e9mitisme, qui les chapeaute depuis le 9 d\u00e9cembre 2024.<\/p>\n\n\n\n<p>Avant cette date, c\u2019\u00e9tait le minist\u00e8re des affaires sociales qui en \u00e9tait charg\u00e9, et tout se passait <em>\u00ab&nbsp;\u00e0 peu pr\u00e8s bien&nbsp;\u00bb<\/em>, m\u00eame s\u2019il \u00e9tait d\u00e9j\u00e0 difficile pour les employ\u00e9\u00b7es internationaux d\u2019obtenir des visas de travail, <a href=\"https:\/\/www.haaretz.com\/israel-news\/2025-01-13\/ty-article-magazine\/.premium\/the-west-should-know-whats-going-on-is-israel-waging-war-on-ngos-aiding-palestinians\/00000194-5f82-d4d0-a1f4-ffef65ae0000\" target=\"_blank\" rel=\"noreferrer noopener\">expliquait<\/a> en janvier 2025 au quotidien isra\u00e9lien <em>Haaretz<\/em> un humanitaire qui tenait \u00e0 garder l\u2019anonymat pour ne pas aggraver la situation de son organisation. Le renouvellement se faisait quasiment automatiquement.<\/p>\n\n\n\n<p>Mais nouvelle tutelle dit nouveaux crit\u00e8res pour l\u2019enregistrement.<\/p>\n\n\n\n<p>Amichai Chikli, le ministre de la diaspora et de la lutte contre l\u2019antis\u00e9mitisme isra\u00e9lien, appartient \u00e0 l\u2019extr\u00eame droite du Likoud et pr\u00f4ne l\u2019\u00e9puration ethnique de la bande de Gaza. Il affirme, explique ce m\u00eame article de <em>Haaretz<\/em>, que c\u2019est dor\u00e9navant une \u00e9quipe compos\u00e9e de repr\u00e9sentants des minist\u00e8res de la d\u00e9fense, des affaires \u00e9trang\u00e8res, de l\u2019alya et de l\u2019int\u00e9gration, ainsi que du service de renseignement Shin Bet et de la police, qui approuvera, ou refusera, l\u2019enregistrement des ONG et l\u2019entr\u00e9e de leurs employ\u00e9\u00b7es internationaux.<\/p>\n\n\n\n<h2 class=\"wp-block-heading\">Contr\u00f4ler les acteurs<\/h2>\n\n\n\n<p>L\u2019appr\u00e9ciation se fait en fonction de crit\u00e8res larges et surtout tr\u00e8s politiques. Parmi les raisons qui seront invoqu\u00e9es pour refuser l\u2019enregistrement&nbsp;: la n\u00e9gation du caract\u00e8re juif et d\u00e9mocratique de l\u2019\u00c9tat h\u00e9breu, le soutien \u00e0 la r\u00e9sistance arm\u00e9e ou le maintien de liens avec des groupes terroristes, les activit\u00e9s criminelles qui mettent en danger l\u2019ordre public, la promotion de la d\u00e9l\u00e9gitimation d\u2019Isra\u00ebl ou l\u2019appel au boycott de ce dernier.<\/p>\n\n\n\n<p>Et puis les ONG internationales doivent remettre aux autorit\u00e9s isra\u00e9liennes la liste compl\u00e8te de leur personnel, non pas seulement international, ce qu\u2019elles ont d\u00e9j\u00e0 par les demandes de visas et d\u2019entr\u00e9e sur le territoire isra\u00e9lien puis dans la bande de Gaza, mais aussi national, autrement dit tous les Palestinien\u00b7nes qui travaillent pour eux.<\/p>\n\n\n\n<h3 class=\"wp-block-heading\">Isra\u00ebl suspend l\u2019acc\u00e8s de trente-sept ONG \u00e0 Gaza, dont cinq fran\u00e7aises<\/h3>\n\n\n\n<p>&nbsp;Page 1 sur 2&nbsp;<\/p>\n\n\n\n<figure class=\"wp-block-table\"><table class=\"has-fixed-layout\"><thead><tr><th>ONG<\/th><th><\/th><th>Pays<\/th><\/tr><\/thead><tbody><tr><th>Action contre la faim<\/th><td>Sous-nutrition<\/td><td>France<\/td><\/tr><tr><th>ActionAid<\/th><td>Aide au d\u00e9veloppement<\/td><td>Afrique du Sud<\/td><\/tr><tr><th>Alianza por la Solidaridad<\/th><td>Aide au d\u00e9veloppement<\/td><td>Espagne<\/td><\/tr><tr><th>American Friends Service Committee<\/th><td>Non-violence<\/td><td>\u00c9tats-Unis<\/td><\/tr><tr><th>Campaign for the Children of Palestine<\/th><td>Enfance<\/td><td>Japon<\/td><\/tr><tr><th>CARE International<\/th><td>Aide au d\u00e9veloppement<\/td><td>Suisse<\/td><\/tr><tr><th>Caritas Internationalis<\/th><td>Aide au d\u00e9veloppement<\/td><td>Italie<\/td><\/tr><tr><th>Caritas J\u00e9rusalem<\/th><td>Aide au d\u00e9veloppement<\/td><td>Palestine<\/td><\/tr><tr><th>Conseil des \u00c9glises du Proche-Orient<\/th><td>Religion<\/td><td>Palestine<\/td><\/tr><tr><th>DanChurchAid<\/th><td>Pauvret\u00e9<\/td><td>Danemark<\/td><\/tr><tr><th>Danish Refugee Council<\/th><td>Aide aux r\u00e9fugi\u00e9s<\/td><td>Danemark<\/td><\/tr><tr><th>Defense for Children International<\/th><td>Enfance<\/td><td>Suisse<\/td><\/tr><tr><th>Fondation AVSI<\/th><td>Aide au d\u00e9veloppement<\/td><td>Italie<\/td><\/tr><tr><th>Handicap International<\/th><td>Personnes handicap\u00e9es<\/td><td>France<\/td><\/tr><tr><th>International Rescue Committee<\/th><td>Aide au d\u00e9veloppement<\/td><td>\u00c9tats-Unis<\/td><\/tr><tr><th>Japan International Volunteer Center<\/th><td>Aide au d\u00e9veloppement<\/td><td>Japon<\/td><\/tr><tr><th>M\u00e9decins du monde Espagne<\/th><td>Sant\u00e9<\/td><td>Espagne<\/td><\/tr><tr><th>M\u00e9decins du monde France<\/th><td>Sant\u00e9<\/td><td>France<\/td><\/tr><tr><th>M\u00e9decins du monde Suisse<\/th><td>Sant\u00e9<\/td><td>Suisse<\/td><\/tr><tr><th>M\u00e9decins sans fronti\u00e8res Belgique<\/th><td>Sant\u00e9<\/td><td>Belgique<\/td><\/tr><\/tbody><\/table><\/figure>\n\n\n\n<figure class=\"wp-block-table\"><table class=\"has-fixed-layout\"><thead><tr><th>ONG<\/th><th><\/th><th>Pays<\/th><\/tr><\/thead><tbody><tr><th>M\u00e9decins sans fronti\u00e8res Espagne<\/th><td>Sant\u00e9<\/td><td>Espagne<\/td><\/tr><tr><th>M\u00e9decins sans fronti\u00e8res France<\/th><td>Sant\u00e9<\/td><td>France<\/td><\/tr><tr><th>M\u00e9decins sans fronti\u00e8res Pays-Bas<\/th><td>Sant\u00e9<\/td><td>Pays-Bas<\/td><\/tr><tr><th>Medical Aid for Palestinians UK<\/th><td>Sant\u00e9<\/td><td>Royaume-Uni<\/td><\/tr><tr><th>Medico International<\/th><td>Sant\u00e9<\/td><td>Allemagne<\/td><\/tr><tr><th>Mercy Corps<\/th><td>Aide au d\u00e9veloppement<\/td><td>\u00c9tats-Unis<\/td><\/tr><tr><th>Movimiento por la Paz-MPDL<\/th><td>Non-violence<\/td><td>Espagne<\/td><\/tr><tr><th>Norwegian Refugee Council<\/th><td>Aide aux r\u00e9fugi\u00e9s<\/td><td>Norv\u00e8ge<\/td><\/tr><tr><th>Oxfam Novib<\/th><td>Pauvret\u00e9<\/td><td>Pays-Bas<\/td><\/tr><tr><th>Oxfam Qu\u00e9bec<\/th><td>Pauvret\u00e9<\/td><td>Canada<\/td><\/tr><tr><th>Palestine Solidarity Association of Sweden<\/th><td>Politique<\/td><td>Su\u00e8de<\/td><\/tr><tr><th>Premi\u00e8re Urgence Internationale<\/th><td>Sant\u00e9<\/td><td>France<\/td><\/tr><tr><th>Relief International<\/th><td>Aide au d\u00e9veloppement<\/td><td>\u00c9tats-Unis<\/td><\/tr><tr><th>Terre des hommes<\/th><td>Enfance<\/td><td>Suisse<\/td><\/tr><tr><th>War Child Pays-Bas<\/th><td>Enfance<\/td><td>Pays-Bas<\/td><\/tr><tr><th>WeWorld-GVC<\/th><td>Aide au d\u00e9veloppement<\/td><td>Italie<\/td><\/tr><tr><th>World Vision International<\/th><td>Enfance<\/td><td>Royaume-Uni<\/td><\/tr><\/tbody><\/table><\/figure>\n\n\n\n<p>Tableau: MediapartSource: <a target=\"_blank\" rel=\"noreferrer noopener\" href=\"https:\/\/apnews.com\/article\/gaza-humanitarian-aid-suspension-israel-ec535cea548ddc75080f1e6bffe53801\">AP<\/a>Cr\u00e9\u00e9 avec <a target=\"_blank\" rel=\"noreferrer noopener\" href=\"https:\/\/www.datawrapper.de\/_\/WV1pc\">Datawrapper<\/a> \u00a9&nbsp;Infographie Mediapart<\/p>\n\n\n\n<p>Quelques acteurs se plient volontiers \u00e0 la demande. D\u2019autres refusent. En niant avec v\u00e9h\u00e9mence les accusations et en assurant prot\u00e9ger leur personnel.<\/p>\n\n\n\n<p><em>\u00ab&nbsp;Les OING <\/em>[ONG internationales \u2013 ndlr] <em>op\u00e8rent dans le cadre de structures de conformit\u00e9 strictes impos\u00e9es par les bailleurs de fonds, notamment des audits, des contr\u00f4les de lutte contre le financement du terrorisme et des exigences de diligence raisonnable conformes aux normes internationales&nbsp;\u00bb<\/em>, <a href=\"https:\/\/reliefweb.int\/report\/occupied-palestinian-territory\/53-international-ngos-warn-israels-recent-registration-measures-will-impede-critical-humanitarian-action\" target=\"_blank\" rel=\"noreferrer noopener\">pr\u00e9cise<\/a> dans un communiqu\u00e9 du 2 janvier Aida, une coalition d\u2019ONG travaillant dans les territoires palestiniens.<\/p>\n\n\n\n<p>Elle reprend&nbsp;: <em>\u00ab&nbsp;<\/em><em>Plus de cinq cents travailleurs humanitaires ont \u00e9t\u00e9 tu\u00e9s depuis le 7 octobre 2023. Les OING ne peuvent pas transf\u00e9rer de donn\u00e9es personnelles sensibles \u00e0 une partie au conflit, car cela constituerait une violation des principes humanitaires, du devoir de diligence et des obligations en mati\u00e8re de protection des donn\u00e9es.&nbsp;\u00bb<\/em><\/p>\n\n\n\n<p>L\u2019administration militaire charg\u00e9e des civil\u00b7es palestinien\u00b7nes, donc de la coordination avec les organisations humanitaires et des entr\u00e9es dans la bande de Gaza, a r\u00e9pondu \u00e0 Mediapart, dans un texte visiblement pr\u00e9par\u00e9 pour tous les m\u00e9dias&nbsp;: <em>\u00ab&nbsp;Le refus de certaines organisations internationales de fournir les informations requises et de coop\u00e9rer au processus d\u2019enregistrement soul\u00e8ve de s\u00e9rieuses inqui\u00e9tudes quant \u00e0 la sinc\u00e9rit\u00e9 de leurs intentions et \u00e0 l\u2019existence \u00e9ventuelle de liens entre l\u2019organisation ou ses employ\u00e9s et le Hamas.&nbsp;\u00bb<\/em> Nous n\u2019avons eu aucune r\u00e9ponse \u00e0 nos demandes de pr\u00e9cisions, et notamment d\u2019exemples.<\/p>\n\n\n\n<h2 class=\"wp-block-heading\">Dans la lign\u00e9e des attaques contre l\u2019UNRWA et de la cr\u00e9ation de la Fondation humanitaire pour Gaza<\/h2>\n\n\n\n<p><em>\u00ab&nbsp;<\/em><em>Ce sont des accusations r\u00e9currentes, mais les autorit\u00e9s isra\u00e9liennes n\u2019ont jamais fourni aucune preuve. Elles ne sont pas \u00e9tay\u00e9es. Il s\u2019agit uniquement de d\u00e9l\u00e9gitimer les acteurs humanitaires&nbsp;\u00bb<\/em>, rappelle \u00e0 Mediapart l\u2019un d\u2019eux, qui garde l\u2019anonymat.<\/p>\n\n\n\n<p>Il ajoute&nbsp;: <em>\u00ab&nbsp;Certaines ONG ont fourni la liste de leur personnel et les Isra\u00e9liens ont exig\u00e9 le renvoi de certains employ\u00e9s sans donner de crit\u00e8re objectif. C\u2019est tellement large que quiconque <\/em><em>ayant <\/em><em>des gens dans son entourage qui ont un jour travaill\u00e9 avec l\u2019autorit\u00e9 du Hamas peut \u00eatre vir\u00e9. M\u00eame si cette relation n\u2019a jamais port\u00e9 une arme, mais a boss\u00e9 pour le minist\u00e8re de la culture. On n\u2019en sait rien, en fait. C\u2019est opaque et arbitraire.&nbsp;\u00bb<\/em><\/p>\n\n\n\n<p>Les humanitaires jugent depuis des mois que le gouvernement isra\u00e9lien cherche \u00e0 mettre au pas les ONG et tous les acteurs de l\u2019aide \u00e0 la population de Gaza pour mieux contr\u00f4ler celle-ci.<\/p>\n\n\n\n<p>Ils et elles voient dans ce refus d\u2019enregistrer les trente-sept organisations concern\u00e9es une \u00e9tape de plus dans ce processus&nbsp;; apr\u00e8s les attaques et le bannissement de l\u2019UNRWA, l\u2019agence onusienne de soutien aux r\u00e9fugi\u00e9\u00b7es palestinien\u00b7nes, plus grande pourvoyeuse d\u2019aide dans la bande de Gaza, et la mise en place de la d\u00e9sastreuse Fondation humanitaire pour Gaza (GHF), qui visait \u00e0 \u00eatre l\u2019unique pourvoyeuse de nourriture et a ferm\u00e9 ses sites apr\u00e8s nombre de massacres et la signature du cessez-le-feu en octobre 2025.<\/p>\n\n\n\n<p><em>\u00ab&nbsp;Parmi les quelques ONG ayant obtenu leur enregistrement figure la Samaritan\u2019s Purse, une tr\u00e8s grosse organisation \u00e9vang\u00e9lique am\u00e9ricaine, qui \u00e9tait une des tr\u00e8s rares \u00e0 collaborer avec la Fondation humanitaire pour Gaza et a travaill\u00e9 directement avec les Isra\u00e9liens, notamment pour la distribution de l\u2019aide dans les sites de GHF<\/em>, reprend l\u2019humanitaire anonyme contact\u00e9 par Mediapart. <em>Cela ne r\u00e9pond pas aux principes de neutralit\u00e9 et d\u2019impartialit\u00e9 d\u00e9finis dans le droit humanitaire.&nbsp;\u00bb<\/em><\/p>\n\n\n\n<p>Il faudrait donc \u00eatre conciliant avec les autorit\u00e9s isra\u00e9liennes et, pour avoir les faveurs du comit\u00e9 pr\u00e9sid\u00e9 par le minist\u00e8re de la diaspora et de la lutte contre l\u2019antis\u00e9mitisme, ne pas commenter leur politique, ne pas d\u00e9crire la guerre g\u00e9nocidaire, ni les entraves \u00e0 l\u2019aide humanitaire.<\/p>\n\n\n\n<h2 class=\"wp-block-heading\">Contr\u00f4ler le narratif<\/h2>\n\n\n\n<p><em>\u00ab&nbsp;<\/em><em>Ils ne veulent pas de t\u00e9moins internationaux, qui puissent d\u00e9crire la manipulation de l\u2019aide, par exemple. Car l\u2019entr\u00e9e de l\u2019aide a \u00e9t\u00e9 <\/em><em>utilis\u00e9e <\/em><em>par les Isra\u00e9liens <\/em><em>pour faciliter le d\u00e9placement de population. <\/em><em>N<\/em><em>otamment lors de l\u2019offensive sur la ville de Gaza, <\/em><em>ils ont<\/em><em> essay\u00e9 de faire entrer du mat\u00e9riel pour l\u2019h\u00e9bergement, les tentes,&nbsp;etc., <\/em><em>uniquement<\/em><em> dans le Sud, pour faire un appel d\u2019air <\/em><em>et pousser<\/em><em> la population \u00e0 <\/em><em>se d\u00e9placer&nbsp;\u00bb<\/em>, assure l\u2019acteur humanitaire.<\/p>\n\n\n\n<p>Les autorit\u00e9s isra\u00e9liennes, elles, affirment depuis le d\u00e9but de la guerre g\u00e9nocidaire que c\u2019est le Hamas qui d\u00e9tourne l\u2019aide. Ce qui a \u00e9t\u00e9 d\u00e9menti par plusieurs enqu\u00eates.<\/p>\n\n\n\n<p>Que cet \u00e9pisode intervienne alors qu\u2019un cessez-le-feu a \u00e9t\u00e9 sign\u00e9, et qu\u2019un processus politique est cens\u00e9 s\u2019ouvrir, interroge sur les intentions isra\u00e9liennes de poursuivre dans la voie ouverte en octobre. L\u2019acteur humanitaire avec lequel Mediapart s\u2019est entretenu y voit une mesure de r\u00e9torsion et une volont\u00e9 de casser le thermom\u00e8tre alors que la fi\u00e8vre monte&nbsp;: <em>\u00ab&nbsp;Notre ONG fait partie de celles qui ont alert\u00e9 sur le nombre de violations depuis le cessez-le-feu et le nombre de tu\u00e9s. Nous avons tir\u00e9 la sonnette d\u2019alarme aupr\u00e8s de nos bailleurs de fonds, notamment europ\u00e9ens. Nous leur avons dit que le cessez-le-feu n\u2019existe que sur le papier et qu\u2019il est temps d\u2019agir.&nbsp;\u00bb<\/em><\/p>\n\n\n\n<p>Ces derniers jours, nombre d\u2019\u00c9tats et d\u2019organisations transnationales ont demand\u00e9 aux autorit\u00e9s isra\u00e9liennes de revenir sur leur d\u00e9cision. L\u2019Union europ\u00e9enne a r\u00e9agi par la voix de Hadja Lahbib, commissaire europ\u00e9enne charg\u00e9e de l\u2019humanitaire&nbsp;: <em>\u00ab&nbsp;La loi sur l\u2019enregistrement des ONG ne peut \u00eatre mise en \u0153uvre sous sa forme actuelle. Toutes les barri\u00e8res \u00e0 l\u2019acc\u00e8s humanitaire doivent \u00eatre lev\u00e9es. Le droit international humanitaire (DIH) ne laisse aucune place au doute&nbsp;: l\u2019aide doit parvenir \u00e0 ceux qui en ont besoin.&nbsp;\u00bb<\/em><\/p>\n\n\n\n<p>\u00c0 lire aussi<a href=\"https:\/\/www.mediapart.fr\/journal\/international\/281225\/bande-de-gaza-le-risque-de-l-enlisement\"> Bande de Gaza&nbsp;: le risque de l\u2019enlisement<\/a><\/p>\n\n\n\n<p>28 d\u00e9cembre 2025<\/p>\n\n\n\n<p>Le 30 d\u00e9cembre 2025, \u00e0 l\u2019annonce des bannissements, les ministres des affaires \u00e9trang\u00e8res de dix pays (Canada, Danemark, Finlande, France, Grande-Bretagne, Islande, Japon, Norv\u00e8ge, Su\u00e8de et Suisse) ont rappel\u00e9 que la situation humanitaire dans la bande de Gaza \u00e9tait catastrophique et demand\u00e9 \u00e0 ce que les ONG internationales puissent y travailler <em>\u00ab&nbsp;de mani\u00e8re durable et dans un cadre pr\u00e9visible&nbsp;\u00bb<\/em>.<\/p>\n\n\n\n<p><em>\u00ab&nbsp;<\/em><em>Les ONG internationales jouent un r\u00f4le indispensable dans la r\u00e9ponse humanitaire et, en travaillant en coop\u00e9ration avec les institutions de l\u2019ONU et les organisations palestiniennes, elles fournissent collectivement pr\u00e8s d\u2019un milliard de dollars d\u2019aide humanitaire chaque ann\u00e9e en Palestine. Toute tentative d\u2019entraver leur capacit\u00e9 \u00e0 op\u00e9rer est inacceptable&nbsp;\u00bb<\/em>, poursuit le communiqu\u00e9.<\/p>\n\n\n\n<p>Mais, se d\u00e9sole l\u2019humanitaire cit\u00e9 plus haut, le gouvernement isra\u00e9lien a prouv\u00e9 qu\u2019il se montrait imperm\u00e9able \u00e0 toute pression, sauf venue de Washington. O\u00f9 l\u2019administration \u00e9tats-unienne, sollicit\u00e9e par les ONG internationales, leur dit seulement&nbsp;: <em>\u00ab&nbsp;Vous n\u2019avez qu\u2019\u00e0 ob\u00e9ir.&nbsp;\u00bb<\/em><\/p>\n\n\n\n<p>Si la mesure de bannissement est mise en \u0153uvre, il y aura de moins en moins de t\u00e9moins internationaux dans la bande de Gaza pr\u00eats \u00e0 d\u00e9crire la r\u00e9alit\u00e9. D\u2019autant que les autorit\u00e9s isra\u00e9liennes l\u2019ont affirm\u00e9 une nouvelle fois \u00e0 la veille de 2026&nbsp;: il n\u2019y aura pas de journalistes \u00e9trangers et \u00e9trang\u00e8res autoris\u00e9\u00b7es \u00e0 p\u00e9n\u00e9trer dans le territoire martyr de mani\u00e8re ind\u00e9pendante.<\/p>\n","protected":false},"excerpt":{"rendered":"<p>Le bannissement des territoires palestiniens de trente-sept ONG internationales parmi les plus importantes n\u2019est pas une surprise. C\u2019est une \u00e9tape suppl\u00e9mentaire dans le processus de contr\u00f4le complet des acteurs humanitaires par Isra\u00ebl, aux d\u00e9pens des civils palestiniens. Gwenaelle Lenoir 2 janvier 2026 \u00e0 20h58 Cet article vous a&nbsp;\u00e9t\u00e9&nbsp;offert. D\u00e9couvrez tout Mediapart pendant 15&nbsp;jours pour&nbsp;1\u20ac. 2 [&hellip;]<\/p>\n","protected":false},"author":5,"featured_media":159,"comment_status":"open","ping_status":"open","sticky":false,"template":"","format":"standard","meta":{"footnotes":""},"categories":[5,7,4,30,6],"tags":[],"class_list":["post-158","post","type-post","status-publish","format-standard","has-post-thumbnail","hentry","category-complicite","category-gaza","category-israel","category-ong","category-palestine"],"_links":{"self":[{"href":"https:\/\/www.palestine45.fr\/wordpress\/index.php?rest_route=\/wp\/v2\/posts\/158","targetHints":{"allow":["GET"]}}],"collection":[{"href":"https:\/\/www.palestine45.fr\/wordpress\/index.php?rest_route=\/wp\/v2\/posts"}],"about":[{"href":"https:\/\/www.palestine45.fr\/wordpress\/index.php?rest_route=\/wp\/v2\/types\/post"}],"author":[{"embeddable":true,"href":"https:\/\/www.palestine45.fr\/wordpress\/index.php?rest_route=\/wp\/v2\/users\/5"}],"replies":[{"embeddable":true,"href":"https:\/\/www.palestine45.fr\/wordpress\/index.php?rest_route=%2Fwp%2Fv2%2Fcomments&post=158"}],"version-history":[{"count":1,"href":"https:\/\/www.palestine45.fr\/wordpress\/index.php?rest_route=\/wp\/v2\/posts\/158\/revisions"}],"predecessor-version":[{"id":160,"href":"https:\/\/www.palestine45.fr\/wordpress\/index.php?rest_route=\/wp\/v2\/posts\/158\/revisions\/160"}],"wp:featuredmedia":[{"embeddable":true,"href":"https:\/\/www.palestine45.fr\/wordpress\/index.php?rest_route=\/wp\/v2\/media\/159"}],"wp:attachment":[{"href":"https:\/\/www.palestine45.fr\/wordpress\/index.php?rest_route=%2Fwp%2Fv2%2Fmedia&parent=158"}],"wp:term":[{"taxonomy":"category","embeddable":true,"href":"https:\/\/www.palestine45.fr\/wordpress\/index.php?rest_route=%2Fwp%2Fv2%2Fcategories&post=158"},{"taxonomy":"post_tag","embeddable":true,"href":"https:\/\/www.palestine45.fr\/wordpress\/index.php?rest_route=%2Fwp%2Fv2%2Ftags&post=158"}],"curies":[{"name":"wp","href":"https:\/\/api.w.org\/{rel}","templated":true}]}}