{"id":162,"date":"2026-01-16T14:02:00","date_gmt":"2026-01-16T14:02:00","guid":{"rendered":"https:\/\/www.palestine45.fr\/wordpress\/?p=162"},"modified":"2026-01-16T14:02:00","modified_gmt":"2026-01-16T14:02:00","slug":"qui-sera-responsable-pour-gaza-la-ville-qui-se-noie","status":"publish","type":"post","link":"https:\/\/www.palestine45.fr\/wordpress\/?p=162","title":{"rendered":"Qui sera responsable pour Gaza, la ville qui se noie\u00a0?"},"content":{"rendered":"\n<p>Les inondations qui ont frapp\u00e9 la bande de Gaza ajoutent encore \u00e0 la d\u00e9vastation qui r\u00e8gne sur le territoire palestinien. Pourquoi le monde est-il silencieux&nbsp;? Qui, un jour, devra rendre des comptes&nbsp;?<\/p>\n\n\n\n<p><a href=\"https:\/\/www.mediapart.fr\/biographie\/ibrahim-badra\">Ibrahim Badra<\/a><\/p>\n\n\n\n<p>J\u2019appelleJ\u2019appelle ma m\u00e8re, je demande des nouvelles de ma famille, de mes fr\u00e8res et s\u0153urs. J\u2019ai eu de la chance que l\u2019appel passe, que maman ait de la batterie, que la connexion internet tienne. Je me souviens encore de ses mots&nbsp;: <em>\u00ab&nbsp;J\u2019ai peur de faire mes plantations devant la tente. La s\u00e9cheresse pourrait tout d\u00e9truire.&nbsp;\u00bb<\/em>&nbsp;<\/p>\n\n\n\n<p>Finalement, la pluie est venue. Sans pr\u00e9venir. Elle a d\u00e9truit la tente&nbsp;; les plantations sont rest\u00e9es.<\/p>\n\n\n\n<p>Ma ville est inond\u00e9e. L\u2019eau envahit les tentes, le froid mord le corps des enfants. Les pays arabes et occidentaux regardent sans rien dire. Les yeux ouverts mais les c\u0153urs ferm\u00e9s \u00e0 double tour.<\/p>\n\n\n\n<figure class=\"wp-block-image\"><img decoding=\"async\" src=\"https:\/\/static.mediapart.fr\/etmagine\/article_google_discover\/files\/2025\/12\/30\/251230-img-qui-sera-responsable-pour-cette-ville-qui-se-noie.jpg\" alt=\"Illustration 1\"\/><figcaption class=\"wp-element-caption\">\u00a9&nbsp;Illustration Mediapart<\/figcaption><\/figure>\n\n\n\n<p>La honte, ce n\u2019est pas l\u2019impuissance. La honte, c\u2019est quand on renonce \u00e0 sa capacit\u00e9 d\u2019agir, c\u2019est la main qui pourrait se tendre mais qui se glisse dans sa poche.<\/p>\n\n\n\n<p><a href=\"https:\/\/gazadesvisages.com\/index.php\/2025\/12\/30\/rahaf-abu-jazar-8-mois\/\" target=\"_blank\" rel=\"noreferrer noopener\">Rahaf<\/a> est un b\u00e9b\u00e9 de 8&nbsp;mois seulement. Trop jeune pour comprendre le monde autour d\u2019elle, elle est <a href=\"https:\/\/www.lefigaro.fr\/international\/il-n-y-a-rien-meme-pas-un-mur-contre-lequel-s-appuyer-a-gaza-survivre-dans-le-froid-de-l-hiver-les-inondations-et-les-eaux-usees-20251217\" target=\"_blank\" rel=\"noreferrer noopener\">morte de froid<\/a> dans les tentes d\u2019Al-Mawasi, \u00e0 Khan Youn\u00e8s, d\u00e9but d\u00e9cembre. La tente et la b\u00e2che de plastique n\u2019ont pas suffi \u00e0 la prot\u00e9ger, et le monde \u00e9tait trop occup\u00e9 \u00e0 pr\u00e9parer ses f\u00eates de fin d\u2019ann\u00e9e. Rahaf est morte. Et le monde a continu\u00e9, l\u2019air de rien.<\/p>\n\n\n\n<p>En ces jours de <a href=\"https:\/\/www.mediapart.fr\/journal\/international\/201225\/gaza-la-guerre-sanglante-est-peut-etre-terminee-mais-une-autre-commence\" target=\"_blank\" rel=\"noreferrer noopener\">pseudo-cessez-le-feu<\/a>, des maisons se sont <a href=\"https:\/\/french.wafa.ps\/Pages\/Details\/239203\" target=\"_blank\" rel=\"noreferrer noopener\">effondr\u00e9es<\/a> sur leurs habitant\u00b7es. D\u2019ailleurs, ce ne sont plus des maisons, ce sont des ruines. Cinq personnes sont mortes \u00e0 Bir Al-Na\u2019ja, \u00e0 Beit Lahia (Nord), deux derri\u00e8re un mur dans le quartier de Rimal \u00e0 Gaza-ville, un enfant dans le camp de r\u00e9fugi\u00e9\u00b7es d\u2019Al-Shati\u2026 Rahaf aussi. Deux maisons de plus se sont \u00e9croul\u00e9es il y a quelques jours dans les quartiers de Karama et de Sheikh Radwan.&nbsp;<\/p>\n\n\n\n<h2 class=\"wp-block-heading\">Des tombes, des num\u00e9ros<\/h2>\n\n\n\n<p>Sous la pluie, le vent, dans les d\u00e9combres, des gens crient. Seules celles et ceux qui se noient \u00e0 c\u00f4t\u00e9 les entendent.<\/p>\n\n\n\n<p>Sous la pluie, le vent, dans les d\u00e9combres, tous les c\u0153urs qui battent encore pleurent celles et ceux qu\u2019ils ont perdus. Des pleurs que nous sommes les seuls \u00e0 entendre, pendant que le monde ignoble dort paisiblement au coin du feu. L\u2019ONU et d\u2019autres pays publient des communiqu\u00e9s, mais sans r\u00e9ellement agir.<\/p>\n\n\n\n<p>Avez-vous entendu parler des tombes num\u00e9rot\u00e9es&nbsp;? \u00c0 Gaza, ce sont les corps non identifi\u00e9s remis par l\u2019occupant. Ils sont enterr\u00e9s avec des num\u00e9ros, dans l\u2019espoir qu\u2019ils soient identifi\u00e9s plus tard, quand les tests ADN seront possibles.<\/p>\n\n\n\n<p>Sur une plaque, on peut lire&nbsp;: <em>\u00ab&nbsp;H15 NMC 14-10-2025 \/&nbsp;<\/em><em>ST0040&nbsp;\u00bb<\/em>.<\/p>\n\n\n\n<p>Il est aussi pr\u00e9cis\u00e9&nbsp;: <em>\u00ab&nbsp;Pour pr\u00e9server leur dignit\u00e9 et assurer une future identification, merci de ne pas retirer ceci. Minist\u00e8re des affaires religieuses.&nbsp;\u00bb<\/em><\/p>\n\n\n\n<p>Ces chiffres, dans leur froideur administrative, sont l\u00e0 pour <em>\u00ab&nbsp;pr\u00e9server [une] dignit\u00e9&nbsp;\u00bb<\/em>. Ils t\u00e9moignent aussi de la terreur quotidienne. Loin du r\u00eave d\u2019un cessez-le-feu effectif.<\/p>\n\n\n\n<p>Imaginez-vous vivre et marcher en sachant qu\u2019\u00e0 tout moment, vous pouvez mourir d\u2019une balle perdue&nbsp;?<\/p>\n\n\n\n<p>Au c\u0153ur de la ville inond\u00e9e, la ligne jaune, qui devait \u00eatre temporaire et s\u00e9pare l\u2019est et l\u2019ouest de la bande de Gaza, est devenue une fronti\u00e8re rampante. Elle engloutit les distances et redessine silencieusement le territoire. Chaque point de passage qui se ferme emp\u00eache les gens de rentrer dans leur ferme ou leur maison en s\u00e9curit\u00e9.<\/p>\n\n\n\n<p>Les Gazaoui\u00b7es voient d\u00e9sormais le drapeau de l\u2019occupant flotter le long de la ligne jaune. La distance qui les en s\u00e9pare est courte. Mais elle est \u00e0 d\u00e9couvert et les balles peuvent les toucher en une fraction de seconde. Chaque mouvement repr\u00e9sente un risque. Les r\u00eaves de rentrer chez soi s\u2019envolent. Imaginez-vous vivre et marcher en sachant qu\u2019\u00e0 tout moment, vous pouvez mourir d\u2019une balle perdue&nbsp;?<\/p>\n\n\n\n<p>La ligne jaune est de moins en moins temporaire, elle est comme une art\u00e8re en plein c\u0153ur.<\/p>\n\n\n\n<p>Il y a quelques jours, des soldats ont abattu Zaher, 10&nbsp;ans. Un char lui a roul\u00e9 dessus, \u00e0 l\u2019est de Jabalia. C\u2019est comme si son \u00e2me \u00e9tait devenue la route elle-m\u00eame. Ailleurs, une telle horreur \u00e9branlerait les cieux. Ici, nous supportons seul\u00b7es la col\u00e8re, et sommes t\u00e9moins de la r\u00e9alit\u00e9 du terrain.&nbsp;<\/p>\n\n\n\n<p>Gaza n\u2019est pas seulement une ville battue par la pluie, le vent, et le danger. Elle devient petit \u00e0 petit une ville ferm\u00e9e, d\u00e9truite, divis\u00e9e, surveill\u00e9e. Chaque mouvement est observ\u00e9. Chaque r\u00eave de retour est entrav\u00e9. Le danger est l\u00e0, tapi \u00e0 chaque coin de rue.<\/p>\n\n\n\n<p>Aujourd\u2019hui, il n\u2019y a pas d\u2019avenir clair pour Gaza. Gaza est l\u2019exemple vivant d\u2019une ville qui se noie, entre l\u2019occupant et le silence du monde.<\/p>\n\n\n\n<p>Et je reste avec une question. Elle tourne dans ma t\u00eate chaque seconde, comme dans le tambour de la machine \u00e0 laver&nbsp;:\u00e0 la fin, qui sera responsable pour cette ville qui se noie&nbsp;?<\/p>\n","protected":false},"excerpt":{"rendered":"<p>Les inondations qui ont frapp\u00e9 la bande de Gaza ajoutent encore \u00e0 la d\u00e9vastation qui r\u00e8gne sur le territoire palestinien. Pourquoi le monde est-il silencieux&nbsp;? Qui, un jour, devra rendre des comptes&nbsp;? Ibrahim Badra J\u2019appelleJ\u2019appelle ma m\u00e8re, je demande des nouvelles de ma famille, de mes fr\u00e8res et s\u0153urs. J\u2019ai eu de la chance que [&hellip;]<\/p>\n","protected":false},"author":5,"featured_media":163,"comment_status":"open","ping_status":"open","sticky":false,"template":"","format":"standard","meta":{"footnotes":""},"categories":[5,27,7,8,4],"tags":[],"class_list":["post-162","post","type-post","status-publish","format-standard","has-post-thumbnail","hentry","category-complicite","category-droit-international","category-gaza","category-genocide","category-israel"],"_links":{"self":[{"href":"https:\/\/www.palestine45.fr\/wordpress\/index.php?rest_route=\/wp\/v2\/posts\/162","targetHints":{"allow":["GET"]}}],"collection":[{"href":"https:\/\/www.palestine45.fr\/wordpress\/index.php?rest_route=\/wp\/v2\/posts"}],"about":[{"href":"https:\/\/www.palestine45.fr\/wordpress\/index.php?rest_route=\/wp\/v2\/types\/post"}],"author":[{"embeddable":true,"href":"https:\/\/www.palestine45.fr\/wordpress\/index.php?rest_route=\/wp\/v2\/users\/5"}],"replies":[{"embeddable":true,"href":"https:\/\/www.palestine45.fr\/wordpress\/index.php?rest_route=%2Fwp%2Fv2%2Fcomments&post=162"}],"version-history":[{"count":1,"href":"https:\/\/www.palestine45.fr\/wordpress\/index.php?rest_route=\/wp\/v2\/posts\/162\/revisions"}],"predecessor-version":[{"id":164,"href":"https:\/\/www.palestine45.fr\/wordpress\/index.php?rest_route=\/wp\/v2\/posts\/162\/revisions\/164"}],"wp:featuredmedia":[{"embeddable":true,"href":"https:\/\/www.palestine45.fr\/wordpress\/index.php?rest_route=\/wp\/v2\/media\/163"}],"wp:attachment":[{"href":"https:\/\/www.palestine45.fr\/wordpress\/index.php?rest_route=%2Fwp%2Fv2%2Fmedia&parent=162"}],"wp:term":[{"taxonomy":"category","embeddable":true,"href":"https:\/\/www.palestine45.fr\/wordpress\/index.php?rest_route=%2Fwp%2Fv2%2Fcategories&post=162"},{"taxonomy":"post_tag","embeddable":true,"href":"https:\/\/www.palestine45.fr\/wordpress\/index.php?rest_route=%2Fwp%2Fv2%2Ftags&post=162"}],"curies":[{"name":"wp","href":"https:\/\/api.w.org\/{rel}","templated":true}]}}