{"id":165,"date":"2026-01-16T14:08:24","date_gmt":"2026-01-16T14:08:24","guid":{"rendered":"https:\/\/www.palestine45.fr\/wordpress\/?p=165"},"modified":"2026-01-16T14:08:24","modified_gmt":"2026-01-16T14:08:24","slug":"viols-tortures-et-privations-dans-ses-prisons-israel-broie-les-ames-et-les-corps-des-palestiniens","status":"publish","type":"post","link":"https:\/\/www.palestine45.fr\/wordpress\/?p=165","title":{"rendered":"Viols, tortures et privations\u00a0: dans ses prisons, Isra\u00ebl broie les \u00e2mes et les corps des Palestiniens"},"content":{"rendered":"\n<p>Deux journalistes racontent l\u2019enfer qu\u2019ils ont travers\u00e9 dans les ge\u00f4les isra\u00e9liennes, alors m\u00eame qu\u2019ils n\u2019ont jamais \u00e9t\u00e9 inculp\u00e9s. Au moins une centaine de Palestiniens sont morts en prison depuis le 7-Octobre.&nbsp;<\/p>\n\n\n\n<p><a href=\"https:\/\/www.mediapart.fr\/biographie\/clothilde-mraffko\">Clothilde Mraffko<\/a><\/p>\n\n\n\n<p>15 janvier 2026 \u00e0 12h03<\/p>\n\n\n\n<p><strong>Cet article vous a&nbsp;\u00e9t\u00e9&nbsp;offert.<br><\/strong> D\u00e9couvrez tout Mediapart pendant 15&nbsp;jours pour&nbsp;1\u20ac.<\/p>\n\n\n\n<p>15 janvier 2026 \u00e0 12h03<\/p>\n\n\n\n<p id=\"warning_title\"><strong>Mise en garde<\/strong><\/p>\n\n\n\n<p>Cet article fait \u00e9tat de viols ainsi que de traitements inhumains et d\u00e9gradants.<\/p>\n\n\n\n<p><strong>NaplouseNaplouse, Ramallah (Cisjordanie occup\u00e9e).\u2013<\/strong> Des filets de nuages noirs avalent le haut des collines escarp\u00e9es de Naplouse, la pluie tombe dru. Des checkpoints improvis\u00e9s \u2013 deux blocs de b\u00e9ton et une gu\u00e9rite \u2013 bloquent les routes d\u2019acc\u00e8s \u00e0 cette grande ville du nord de la Cisjordanie. Les soldats isra\u00e9liens y arr\u00eatent surtout les v\u00e9hicules qui sortent.<\/p>\n\n\n\n<p>Des fen\u00eatres embu\u00e9es entrouvertes s\u2019\u00e9chappe la fum\u00e9e des cigarettes qui calment les nerfs. La double ligne des phares ondule dans le brouillard des moteurs qui tournent \u00e0 vide. Ici ou l\u00e0, une musique entra\u00eenante ou un bulletin d\u2019information en arabe s\u2019\u00e9chappent, brisant le silence des vallons environnants, gris et d\u00e9serts.<\/p>\n\n\n\n<p>Les Palestinien\u00b7nes sont assi\u00e9g\u00e9\u00b7es. Physiquement d\u2019abord, en raison de ces centaines d\u2019obstacles, barri\u00e8res et contr\u00f4les que l\u2019arm\u00e9e isra\u00e9lienne ouvre ou ferme selon son bon vouloir. Mentalement aussi&nbsp;: en Cisjordanie, partout, on a peur. Peur d\u2019\u00eatre tu\u00e9\u00b7e par un soldat ou un colon. Peur d\u2019\u00eatre expuls\u00e9\u00b7e de chez soi. Peur d\u2019\u00eatre arr\u00eat\u00e9\u00b7e.<\/p>\n\n\n\n<p>D\u00e9but janvier 2026, <a href=\"https:\/\/hamoked.org\/\" target=\"_blank\" rel=\"noreferrer noopener\">9&nbsp;243 Palestinien\u00b7nes sont d\u00e9tenu\u00b7es en Isra\u00ebl<\/a>, parmi lesquel\u00b7les plus d\u2019un millier de Gazaoui\u00b7es, selon les donn\u00e9es du service des prisons isra\u00e9liennes (IPS). Salah* a \u00e9t\u00e9 lib\u00e9r\u00e9 dans le cadre d\u2019un des \u00e9changes de prisonniers n\u00e9goci\u00e9s entre Isra\u00ebl et le Hamas. Au bout du fil, il se confond en excuses aupr\u00e8s de Mediapart&nbsp;: les soldats sont d\u00e9j\u00e0 venus deux fois depuis sa lib\u00e9ration, mena\u00e7ant de l\u2019arr\u00eater de nouveau, il ne parlera donc pas. Une ancienne d\u00e9tenue qui avait accept\u00e9 ne r\u00e9pond plus. Un autre ex-prisonnier garde le silence, car son fr\u00e8re est toujours derri\u00e8re les barreaux.<\/p>\n\n\n\n<h3 class=\"wp-block-heading\">Apr\u00e8s le 7-Octobre, le nombre de d\u00e9tenus palestiniens dans les prisons isra\u00e9liennes a explos\u00e9<\/h3>\n\n\n\n<p>Prisonniers<\/p>\n\n\n\n<p>condamn\u00e9s<\/p>\n\n\n\n<p>Personnes<\/p>\n\n\n\n<p>en d\u00e9tention provisoire<\/p>\n\n\n\n<p>Personnes<\/p>\n\n\n\n<p>d\u00e9tenues administrativement sans proc\u00e8s<\/p>\n\n\n\n<p>\u00ab<\/p>\n\n\n\n<p>Combattants ill\u00e9gaux \u00bb*2&nbsp;0004&nbsp;0006&nbsp;0008&nbsp;00010&nbsp;000oct2023janv2024avriljuiloctjanv2025avriljuiloctjanv2026<\/p>\n\n\n\n<p>2&nbsp;410<\/p>\n\n\n\n<p>1&nbsp;463<\/p>\n\n\n\n<p>1&nbsp;319<\/p>\n\n\n\n<p>0<\/p>\n\n\n\n<p>2&nbsp;313<\/p>\n\n\n\n<p>2&nbsp;321<\/p>\n\n\n\n<p>2&nbsp;070<\/p>\n\n\n\n<p>105<\/p>\n\n\n\n<p>2&nbsp;188<\/p>\n\n\n\n<p>2&nbsp;356<\/p>\n\n\n\n<p>2&nbsp;873<\/p>\n\n\n\n<p>260<\/p>\n\n\n\n<p>2&nbsp;114<\/p>\n\n\n\n<p>2&nbsp;534<\/p>\n\n\n\n<p>3&nbsp;291<\/p>\n\n\n\n<p>661<\/p>\n\n\n\n<p>2&nbsp;084<\/p>\n\n\n\n<p>2&nbsp;752<\/p>\n\n\n\n<p>3&nbsp;484<\/p>\n\n\n\n<p>606<\/p>\n\n\n\n<p>2&nbsp;070<\/p>\n\n\n\n<p>2&nbsp;656<\/p>\n\n\n\n<p>3&nbsp;558<\/p>\n\n\n\n<p>793<\/p>\n\n\n\n<p>2&nbsp;071<\/p>\n\n\n\n<p>2&nbsp;731<\/p>\n\n\n\n<p>3&nbsp;661<\/p>\n\n\n\n<p>849<\/p>\n\n\n\n<p>2&nbsp;072<\/p>\n\n\n\n<p>2&nbsp;727<\/p>\n\n\n\n<p>3&nbsp;424<\/p>\n\n\n\n<p>865<\/p>\n\n\n\n<p>2&nbsp;070<\/p>\n\n\n\n<p>2&nbsp;733<\/p>\n\n\n\n<p>3&nbsp;410<\/p>\n\n\n\n<p>899<\/p>\n\n\n\n<p>2&nbsp;059<\/p>\n\n\n\n<p>2&nbsp;783<\/p>\n\n\n\n<p>3&nbsp;379<\/p>\n\n\n\n<p>1&nbsp;402<\/p>\n\n\n\n<p>2&nbsp;074<\/p>\n\n\n\n<p>2&nbsp;791<\/p>\n\n\n\n<p>3&nbsp;432<\/p>\n\n\n\n<p>1&nbsp;584<\/p>\n\n\n\n<p>2&nbsp;061<\/p>\n\n\n\n<p>2&nbsp;848<\/p>\n\n\n\n<p>3&nbsp;323<\/p>\n\n\n\n<p>1&nbsp;612<\/p>\n\n\n\n<p>2&nbsp;046<\/p>\n\n\n\n<p>2&nbsp;943<\/p>\n\n\n\n<p>3&nbsp;398<\/p>\n\n\n\n<p>1&nbsp;618<\/p>\n\n\n\n<p>1&nbsp;997<\/p>\n\n\n\n<p>3&nbsp;024<\/p>\n\n\n\n<p>3&nbsp;443<\/p>\n\n\n\n<p>1&nbsp;627<\/p>\n\n\n\n<p>2&nbsp;003<\/p>\n\n\n\n<p>2&nbsp;951<\/p>\n\n\n\n<p>3&nbsp;428<\/p>\n\n\n\n<p>1&nbsp;772<\/p>\n\n\n\n<p>2&nbsp;025<\/p>\n\n\n\n<p>2&nbsp;934<\/p>\n\n\n\n<p>3&nbsp;376<\/p>\n\n\n\n<p>1&nbsp;886<\/p>\n\n\n\n<p>1&nbsp;734<\/p>\n\n\n\n<p>2&nbsp;941<\/p>\n\n\n\n<p>3&nbsp;369<\/p>\n\n\n\n<p>1&nbsp;802<\/p>\n\n\n\n<p>1&nbsp;486<\/p>\n\n\n\n<p>2&nbsp;960<\/p>\n\n\n\n<p>3&nbsp;405<\/p>\n\n\n\n<p>1&nbsp;555<\/p>\n\n\n\n<p>1&nbsp;471<\/p>\n\n\n\n<p>3&nbsp;076<\/p>\n\n\n\n<p>3&nbsp;498<\/p>\n\n\n\n<p>1&nbsp;747<\/p>\n\n\n\n<p>1&nbsp;455<\/p>\n\n\n\n<p>3&nbsp;190<\/p>\n\n\n\n<p>3&nbsp;577<\/p>\n\n\n\n<p>1&nbsp;846<\/p>\n\n\n\n<p>1&nbsp;447<\/p>\n\n\n\n<p>3&nbsp;174<\/p>\n\n\n\n<p>3&nbsp;562<\/p>\n\n\n\n<p>2&nbsp;214<\/p>\n\n\n\n<p>1&nbsp;419<\/p>\n\n\n\n<p>3&nbsp;260<\/p>\n\n\n\n<p>3&nbsp;629<\/p>\n\n\n\n<p>2&nbsp;454<\/p>\n\n\n\n<p>1&nbsp;459<\/p>\n\n\n\n<p>3&nbsp;291<\/p>\n\n\n\n<p>3&nbsp;613<\/p>\n\n\n\n<p>2&nbsp;378<\/p>\n\n\n\n<p>1&nbsp;450<\/p>\n\n\n\n<p>3&nbsp;351<\/p>\n\n\n\n<p>3&nbsp;577<\/p>\n\n\n\n<p>2&nbsp;662<\/p>\n\n\n\n<p>1&nbsp;461<\/p>\n\n\n\n<p>3&nbsp;378<\/p>\n\n\n\n<p>3&nbsp;544<\/p>\n\n\n\n<p>2&nbsp;673<\/p>\n\n\n\n<p>1&nbsp;242<\/p>\n\n\n\n<p>3&nbsp;389<\/p>\n\n\n\n<p>3&nbsp;368<\/p>\n\n\n\n<p>1&nbsp;205<\/p>\n\n\n\n<p>1&nbsp;254<\/p>\n\n\n\n<p>3&nbsp;359<\/p>\n\n\n\n<p>3&nbsp;350<\/p>\n\n\n\n<p>1&nbsp;220<\/p>\n\n\n\n<p>1&nbsp;293<\/p>\n\n\n\n<p>3&nbsp;328<\/p>\n\n\n\n<p>3&nbsp;385<\/p>\n\n\n\n<p>1&nbsp;237<\/p>\n\n\n\n<p>* La notion de \u00ab&nbsp;combattant ill\u00e9gal&nbsp;\u00bb, qui n\u2019existe pas en droit international, est d\u00e9finie par le droit isra\u00e9lien comme <em>\u00ab&nbsp;une personne ayant particip\u00e9, directement ou indirectement, \u00e0 des actes hostiles contre l\u2019\u00c9tat d\u2019Isra\u00ebl ou \u00e9tant membre d\u2019une force commettant des actes hostiles contre l\u2019\u00c9tat d&rsquo;Isra\u00ebl, et pour laquelle les conditions pr\u00e9vues \u00e0 l\u2019article 4 de la troisi\u00e8me Convention de Gen\u00e8ve du 12 ao\u00fbt 1949 concernant les prisonniers de guerre et l\u2019octroi du statut de prisonnier de guerre en droit international humanitaire ne sont pas applicables&nbsp;\u00bb<\/em>.<\/p>\n\n\n\n<p>Graphique: MediapartSource: <a target=\"_blank\" rel=\"noreferrer noopener\" href=\"https:\/\/hamoked.org\/prisoners-charts.php\">Hamoked<\/a>Cr\u00e9\u00e9 avec <a target=\"_blank\" rel=\"noreferrer noopener\" href=\"https:\/\/www.datawrapper.de\/_\/ciisf\">Datawrapper<\/a> \u00a9&nbsp;Infographie Mediapart<\/p>\n\n\n\n<p>Dans un rapport publi\u00e9 en novembre, l\u2019ONG Physicians for Human Rights Israel (PHRI) <a href=\"https:\/\/www.theguardian.com\/world\/2025\/nov\/17\/at-least-98-palestinians-have-died-in-custody-since-october-2023-israeli-data-shows\" target=\"_blank\" rel=\"noreferrer noopener\">recensait au moins 98 Palestiniens<\/a> morts alors qu\u2019ils \u00e9taient d\u00e9tenus par Isra\u00ebl depuis le 7 octobre 2023, parmi lesquels 46 en prison et le reste dans les centres de d\u00e9tention militaires. <em>\u00ab&nbsp;Le nombre<\/em> <em>r\u00e9el<\/em>, pr\u00e9venait n\u00e9anmoins l\u2019organisation, <em>serait nettement plus \u00e9lev\u00e9.&nbsp;\u00bb<\/em><\/p>\n\n\n\n<h2 class=\"wp-block-heading\">\u00ab&nbsp;Tu es du Hamas&nbsp;?&nbsp;\u00bb<\/h2>\n\n\n\n<p>Sami al-Sa\u00ef s\u2019installe sur l\u2019un des sofas en exposition d\u2019un vaste magasin de meubles en p\u00e9riph\u00e9rie de Naplouse. Visage rond, cr\u00e2ne d\u00e9garni et sourire franc, il salue chacun des employ\u00e9s d\u2019une plaisanterie ou d\u2019une phrase tendre. L\u2019ex-prisonnier a tout de suite accept\u00e9 le rendez-vous&nbsp;: <em>\u00ab&nbsp;Si je me tais, que les autres se taisent, qui va parler des prisonniers&nbsp;?&nbsp;\u00bb<\/em><\/p>\n\n\n\n<p>La peur s\u2019accroche, malgr\u00e9 tout. Depuis sa lib\u00e9ration, le journaliste de 47 ans se concentre sur des petits jobs dans la communication. <em>\u00ab&nbsp;J\u2019ai six enfants<\/em>, justifie-t-il en rajustant nerveusement ses lunettes carr\u00e9es.<em> Je fais en sorte que ce que j\u2019\u00e9cris ne puisse pas me <\/em><em>causer de probl\u00e8me<\/em><em>. <\/em><em>Du coup,<\/em><em> je n\u2019\u00e9cris plus<\/em>.&nbsp;<em>\u00bb<\/em><\/p>\n\n\n\n<p>Il a \u00e9t\u00e9 arr\u00eat\u00e9 le 23 f\u00e9vrier 2024. Il avait d\u00e9j\u00e0 purg\u00e9 quatre puis neuf mois de prison, respectivement en 1997 et en 2016, pour <em>\u00ab&nbsp;provocations&nbsp;\u00bb<\/em>. Cette fois-ci, il a \u00e9t\u00e9 plac\u00e9 en <a href=\"https:\/\/www.mediapart.fr\/journal\/international\/231123\/en-cisjordanie-la-detention-administrative-met-les-palestiniens-la-merci-d-israel\" target=\"_blank\" rel=\"noreferrer noopener\">d\u00e9tention administrative<\/a>, c\u2019est-\u00e0-dire sans inculpation ni proc\u00e8s&nbsp;; il a pu contacter un avocat et pr\u00e9venir sa femme. En mars, pendant le ramadan, il est transf\u00e9r\u00e9 \u00e0 la prison de Megiddo, dans le nord d\u2019Isra\u00ebl, non loin du site o\u00f9 le Nouveau Testament pr\u00e9dit l\u2019Armageddon, la bataille finale entre le Bien et le Mal.<\/p>\n\n\n\n<figure class=\"wp-block-image\"><img decoding=\"async\" src=\"https:\/\/static.mediapart.fr\/etmagine\/article_thumbnail\/files\/2026\/01\/09\/260109-img-viols-tortures-et-privations-dans-ses-prisons-israel-broie-les-ames-et-les-corps-palestiniens-1.jpg\" alt=\"Illustration 2\"\/><figcaption class=\"wp-element-caption\">Devant la prison de Megiddo, dans le nord d\u2019Isra\u00ebl, en octobre 2020. \u00a9&nbsp;Photo&nbsp;Mati Milstein \/ NurPhoto via AFP<\/figcaption><\/figure>\n\n\n\n<p>Sami al-Sa\u00ef livre beaucoup de d\u00e9tails&nbsp;; son corps est tendu mais le ton reste neutre comme s\u2019il racontait l\u2019histoire d\u2019un autre. Son langage est soutenu, il baisse la voix quand il rapporte les insultes. \u00c0 son arriv\u00e9e \u00e0 Megiddo, on le trimballe \u00e0 la visite m\u00e9dicale. \u00c0 chaque d\u00e9placement, ses yeux sont band\u00e9s, il ne sait pas o\u00f9 il est. Il entend seulement les cris d\u2019autres prisonniers, pass\u00e9s \u00e0 tabac.<\/p>\n\n\n\n<p><em>\u00ab<\/em> <em>Celui qui faisait office de m\u00e9decin me dit&nbsp;: \u201cTu es <\/em><em>du <\/em><em>Hamas&nbsp;?\u201d J\u2019ai dit non. Il a continu\u00e9&nbsp;: \u201cNous, ceux qui sont du Hamas, on les nique\u201d&nbsp;\u00bb<\/em>, dit-il. On le ram\u00e8ne o\u00f9 il est arriv\u00e9, un gardien de prison lui intime de se d\u00e9shabiller. Il est nu, on lui ordonne \u00e0 la cha\u00eene&nbsp;: <em>\u00ab&nbsp;Accroupi, debout, accroupi, debout&nbsp;!&nbsp;\u00bb <\/em>Le gardien lui inspecte les testicules, il peut se rhabiller. On le menotte aux poignets et aux chevilles, on lui bande les yeux. <em>\u00ab&nbsp;<\/em><em>J\u2019ai senti qu\u2019il y avait plus de monde autour de moi, quatre, peut-\u00eatre six voix diff\u00e9rentes, dont une femme. Ils parlaient h\u00e9breu, l\u2019un parlait arabe&nbsp;\u00bb<\/em>, poursuit Sami al-Sa\u00ef. Il toussote. Un silence. <em>\u00ab&nbsp;Ils se sont mis \u00e0 me frapper tr\u00e8s violemment, des coups absolument partout&nbsp;\u00bb<\/em>, l\u00e2che-t-il.<\/p>\n\n\n\n<p>Une porte s\u2019ouvre, puis une autre. Des voix le menacent&nbsp;: <em>\u00ab&nbsp;Les journalistes, on les baise&nbsp;!&nbsp;\u00bb<\/em> Puis elles lui ordonnent de descendre \u00e0 terre. Il est sur les genoux, le visage contre le sol, des mains le d\u00e9shabillent, lui descendent son cale\u00e7on aux chevilles. Sami al-Sa\u00ef est viol\u00e9, \u00e0 deux reprises. La premi\u00e8re fois avec un objet, probablement une matraque. La seconde fois, il a entendu l\u2019une des voix demander <em>\u00ab&nbsp;passe-moi la carotte&nbsp;\u00bb<\/em>. Les coups pleuvent. <em>\u00ab&nbsp;Et ils riaient, et la femme avait un rire tr\u00e8s particulier, ils \u00e9<\/em><em>taient hilares<\/em>,&nbsp;se souvient-il. <em>E<\/em><em>t ils me frappaient.&nbsp;<\/em><em>\u00bb <\/em>Au-dessus de sa t\u00eate, les voix hurlaient&nbsp;: <em>\u00ab&nbsp;Meurs, meurs, Hamas&nbsp;! Vous \u00eates des chiens, des insectes, des animaux.&nbsp;<\/em><em>\u00bb<\/em><\/p>\n\n\n\n<h2 class=\"wp-block-heading\">Des cas de viol document\u00e9s<\/h2>\n\n\n\n<p>Sami al-Sa\u00ef se racle de nouveau nerveusement la gorge, les yeux secs. Il a pens\u00e9 mourir sur le coup, il a vu ses cinq enfants, sa femme, leurs souvenirs, et il a song\u00e9 \u00e0 sa fille sur le point de na\u00eetre \u2013 <em>\u00ab&nbsp;Seigneur, accorde-moi un peu de vie pour la rencontrer&nbsp;\u00bb<\/em>, prie-t-il alors. Puis <em>\u00ab&nbsp;le calme s\u2019est fait&nbsp;\u00bb<\/em>&nbsp;: <em>\u00ab&nbsp;<\/em><em>Leurs voix venaient de l\u2019ext\u00e9rieur, tout pr\u00e8s de la porte. Ils gloussaient. J\u2019ai senti l\u2019odeur de la cigarette&nbsp;; ils fumaient&nbsp;<\/em><em>\u00bb<\/em>, continue-t-il. Lui est toujours face contre terre, le nez envahi d\u2019<em>\u00ab&nbsp;une odeur r\u00e9pugnante&nbsp;<\/em><em>\u00bb<\/em>. Puis on le force \u00e0 se relever. On le conduit enfin \u00e0 sa cellule, sous les coups.<\/p>\n\n\n\n<p>Les premiers jours, le prisonnier est en \u00e9tat de choc. Il est \u00e9puis\u00e9. Il saigne. Malgr\u00e9 ses demandes r\u00e9p\u00e9t\u00e9es, il ne voit aucun m\u00e9decin. Sami al-Sa\u00ef ne parle \u00e0 personne des viols, surtout pas aux premiers prisonniers qu\u2019il croise, ses compagnons de cellule amaigris qui l\u2019accueillent les cheveux hirsutes, les barbes et ongles longs. <em>\u00ab&nbsp;<\/em><em>Leur aspect me terrifiait&nbsp;<\/em><em>\u00bb<\/em>, se souvient-il. Le journaliste tente malgr\u00e9 tout de savoir si d\u2019autres ont subi la m\u00eame chose que lui.<\/p>\n\n\n\n<p><em>\u00ab&nbsp;Je ne sais pas si j\u2019ai rencontr\u00e9 des gens qui ont \u00e9t\u00e9 eux-m\u00eames viol\u00e9s ou qui me racontaient d\u2019autres viols. Ceux \u00e0 qui je parlais disaient toujours que ce n\u2019\u00e9tait pas d\u2019eux qu\u2019il s\u2019agissait&nbsp;\u00bb<\/em>, constate-t-il. Lui-m\u00eame ne se confie \u00e0 personne, hormis \u00e0 deux d\u00e9tenus, vers la fin de sa peine.<\/p>\n\n\n\n<p>Apr\u00e8s les massacres du Hamas autour de Gaza, les visites des familles ou du Comit\u00e9 international de la Croix-Rouge ont \u00e9t\u00e9 interdites. Les tortures se sont \u00e9tendues.<\/p>\n\n\n\n<p><em>\u00ab<\/em> <em>\u00c0 notre connaissance, aucun incident de ce type ne s\u2019est produit&nbsp;\u00bb<\/em>, a r\u00e9pondu \u00e0 Mediapart un porte-parole du service des prisons isra\u00e9liennes, sans donner davantage de d\u00e9tails, mais pr\u00e9cisant que Sami al-Sa\u00ef pouvait leur adresser une plainte. L\u2019int\u00e9ress\u00e9 balaie l\u2019hypoth\u00e8se d\u2019un geste las. Il a parl\u00e9 \u00e0 des organisations de d\u00e9fense des droits humains \u00e0 la place.<\/p>\n\n\n\n<p>Une source a confirm\u00e9 avoir recueilli des t\u00e9moignages similaires <a href=\"https:\/\/www.lemonde.fr\/international\/article\/2024\/07\/12\/des-palestiniens-racontent-l-enfer-des-prisons-israeliennes-coups-privations-humiliations-et-viols_6249254_3210.html\" target=\"_blank\" rel=\"noreferrer noopener\">dans les prisons isra\u00e9liennes<\/a>. \u00c0 l\u2019\u00e9t\u00e9 2024, une vid\u00e9o avait r\u00e9v\u00e9l\u00e9 un viol collectif de soldats sur un prisonnier originaire de Gaza \u00e0 Sde Teiman, un centre de d\u00e9tention militaire isra\u00e9lien, et des <a href=\"https:\/\/www.unrwa.org\/sites\/default\/files\/content\/resources\/summary_on_detention_and_alleged_ill-treatmentupdated.pdf\" target=\"_blank\" rel=\"noreferrer noopener\">rapports<\/a> y ont document\u00e9 des violences sexuelles particuli\u00e8rement cruelles.<\/p>\n\n\n\n<p>En tout, Sami al-Sa\u00ef a pass\u00e9 presque seize mois en prison&nbsp;; il a \u00e9t\u00e9 lib\u00e9r\u00e9 le 10 juin 2025. \u00c0 sa sortie, il ne pesait plus que 55 kilos contre 80 avant son arrestation. Son t\u00e9moignage fait \u00e9cho aux r\u00e9cits qui sortent des prisons isra\u00e9liennes&nbsp;: les privations constantes, les coups \u00e0 chaque d\u00e9placement pour aller au proc\u00e8s, \u00e0 la clinique, lors des transferts vers d\u2019autres prisons \u2013 <em>\u00ab&nbsp;on nous brisait&nbsp;\u00bb<\/em>, insiste-t-il \u2013, les punitions collectives, les punaises de lit et la gale qui d\u00e9vorent les chairs&#8230; Les prisonniers ne savent rien du monde et l\u2019ext\u00e9rieur ne voit rien d\u2019eux.<\/p>\n\n\n\n<p>Amnesty International <a href=\"https:\/\/www.amnesty.org\/fr\/documents\/mde15\/5141\/2022\/fr\/\" target=\"_blank\" rel=\"noreferrer noopener\">documentait d\u00e9j\u00e0 avant le 7-Octobre<\/a> les tortures et les arrestations arbitraires des Palestinien\u00b7nes par Isra\u00ebl. Apr\u00e8s les massacres commis par le Hamas autour de Gaza, <a href=\"https:\/\/www.palestine-studies.org\/en\/node\/1655279\" target=\"_blank\" rel=\"noreferrer noopener\">sur les instructions du supr\u00e9maciste juif Itamar Ben Gvir<\/a>, ministre isra\u00e9lien qui supervise les prisons, les visites des familles ou du Comit\u00e9 international de la Croix-Rouge ont \u00e9t\u00e9 interdites, les lits retir\u00e9s pour mettre davantage de d\u00e9tenus par cellule, la cantine supprim\u00e9e, l\u2019\u00e9lectricit\u00e9 coup\u00e9e la plupart du temps. Et les tortures se sont \u00e9tendues.<\/p>\n\n\n\n<h2 class=\"wp-block-heading\">Un traumatisme encore \u00e0 vif<\/h2>\n\n\n\n<p>Sami al-Sa\u00ef est transf\u00e9r\u00e9 en avril 2024 \u00e0 Nafha, une prison du sud d\u2019Isra\u00ebl, au milieu du d\u00e9sert de N\u00e9guev. Y sont incarc\u00e9r\u00e9s les prisonniers palestiniens qui purgent de longues peines. \u00c0 son arriv\u00e9e, ses cod\u00e9tenus lui offrent un quart de cuill\u00e8re \u00e0 caf\u00e9 de confiture \u2013 un petit go\u00fbt de paradis. Les prisonniers sont trait\u00e9s comme avant le 7-Octobre, ils ont des objets dans leurs cellules, des livres, des couvertures, du savon et du dentifrice.<\/p>\n\n\n\n<p><em>\u00ab<\/em> <em>Ils avaient v\u00e9cu quinze ans avec les gardiens, donc la relation n\u2019\u00e9tait pas encore totalement bris\u00e9e<\/em>, note Sami al-Sa\u00ef. <em>Et puis, petit \u00e0 petit, tout leur a aussi \u00e9t\u00e9 retir\u00e9.&nbsp;\u00bb<\/em> Il portera le m\u00eame boxer pendant douze mois. Le service des prisons a r\u00e9torqu\u00e9 op\u00e9rer <em>\u00ab&nbsp;conform\u00e9ment aux dispositions l\u00e9gales et sous la supervision du contr\u00f4leur d\u2019\u00c9tat et de nombreuses autres instances officielles&nbsp;\u00bb <\/em>et respecter <em>\u00ab&nbsp;pleinement&nbsp;\u00bb <\/em>les <em>\u00ab&nbsp;droits fondamentaux&nbsp;\u00bb<\/em> des d\u00e9tenus.<\/p>\n\n\n\n<figure class=\"wp-block-image\"><img decoding=\"async\" src=\"https:\/\/static.mediapart.fr\/etmagine\/article_thumbnail\/files\/2026\/01\/09\/260109-img-viols-tortures-et-privations-dans-ses-prisons-israel-broie-les-ames-et-les-corps-palestiniens-2.jpg\" alt=\"Illustration 3\"\/><figcaption class=\"wp-element-caption\">Vue de la prison de Nafha dans le d\u00e9sert de N\u00e9guev, au sud d\u2019Isra\u00ebl en 2018. \u00a9&nbsp;Photo Eddie Gerald \/ Alamy \/ Abaca<\/figcaption><\/figure>\n\n\n\n<p>Sami al-Sa\u00ef en veut aussi \u00e0 l\u2019Autorit\u00e9 palestinienne qui l\u2019a arr\u00eat\u00e9 une douzaine de fois avant 2023. En f\u00e9vrier 2025, cette derni\u00e8re a annonc\u00e9 <a href=\"https:\/\/www.mediapart.fr\/journal\/fil-dactualites\/100225\/l-autorite-palestinienne-abroge-ses-allocations-aux-familles-des-prisonniers-et-martyrs\" target=\"_blank\" rel=\"noreferrer noopener\">mettre fin au syst\u00e8me d\u2019allocations<\/a> pour les familles de prisonniers et de Palestinien\u00b7nes tu\u00e9\u00b7es par des Isra\u00e9liens, satisfaisant ainsi une demande de longue date des \u00c9tats-Unis et d\u2019Isra\u00ebl.<\/p>\n\n\n\n<p>Sur la vaste terrasse d\u2019un centre culturel qui domine le dense tissu urbain de Ramallah, dans le centre de la Cisjordanie, Asma Hreash surgit avec deux caf\u00e9s et des g\u00e2teaux, la tenue soign\u00e9e, un l\u00e9ger maquillage rosissant ses joues encadr\u00e9es d\u2019un foulard bordeaux. La jeune femme de 33 ans vient de se marier, elle a repris ses \u00e9tudes. Pourtant, plus d\u2019un an apr\u00e8s sa lib\u00e9ration, elle ne dort toujours pas tr\u00e8s bien, elle a des difficult\u00e9s \u00e0 se concentrer.<\/p>\n\n\n\n<p>Elle vit dans la crainte des checkpoints, elle ne prend plus son t\u00e9l\u00e9phone avec elle. Les Isra\u00e9liens, assure-t-elle, <em>\u00ab&nbsp;<\/em><em>visent tout le monde&nbsp;\u00bb&nbsp;<\/em>:<em>\u00ab&nbsp;<\/em><em>\u00c0 n\u2019importe quel moment, quelqu\u2019un peut d\u00e9truire <\/em><em>m<\/em><em>a vie. Cette nuit, <\/em><em>j\u2019ai \u00e9t\u00e9 r\u00e9veill\u00e9e par du bruit, j\u2019ai tout de suite pens\u00e9 aux soldats.<\/em> <em>C\u2019\u00e9tait juste la pluie&nbsp;\u00bb<\/em>, raconte-t-elle. Elle aussi est journaliste ind\u00e9pendante, elle aussi a \u00e9t\u00e9 plac\u00e9e en d\u00e9tention administrative.<\/p>\n\n\n\n<p>Pendant quatre mois, Asma Hreash est \u00ab&nbsp;\u00e0 la di\u00e8te&nbsp;\u00bb. Elle perd 20 kilos. Elle n\u2019a plus ses r\u00e8gles.&nbsp;<\/p>\n\n\n\n<p>Asma Hreash a \u00e9t\u00e9 arr\u00eat\u00e9e le 3 mars 2024, \u00e0 3 heures trente du matin, tir\u00e9e de sa chambre \u00e0 coucher par des hommes arm\u00e9s. Elle a \u00e9t\u00e9 amen\u00e9e dans un centre militaire isra\u00e9lien o\u00f9 elle est rest\u00e9e une dizaine d\u2019heures <em>\u00ab&nbsp;<\/em><em>menott\u00e9e, \u00e0 terre, les yeux band\u00e9s&nbsp;\u00bb<\/em>. Elle est finalement transf\u00e9r\u00e9e dans la prison de Sharon, dans le nord d\u2019Isra\u00ebl, dans une cellule de <em>\u00ab&nbsp;un m\u00e8tre sur un m\u00e8tre et demi, o\u00f9 les toilettes \u00e9taient ouvertes, il y avait deux cam\u00e9ras, aucune intimit\u00e9&nbsp;\u00bb<\/em>.<\/p>\n\n\n\n<p>La jeune femme parle vite, elle revient sur des d\u00e9tails, \u00e9num\u00e8re de nouvelles humiliations. \u00c0 Sharon, elle est enferm\u00e9e avec une autre femme plus \u00e2g\u00e9e, en pr\u00e9m\u00e9nopause, qui a eu ses r\u00e8gles. <em>\u00ab&nbsp;<\/em><em>Ils n\u2019ont pas accept\u00e9 de lui donner des protections hygi\u00e9niques<\/em>, rapporte la jeune femme, le regard plant\u00e9 dans le vide. <em>Elle portait une abaya et, en dessous, un pantalon. Elle l\u2019a d\u00e9chir\u00e9 pour en faire des serviettes. C\u2019\u00e9tait violent de voir cette femme, \u00e0 cet \u00e2ge-l\u00e0, en \u00eatre r\u00e9duite \u00e0 \u00e7a pour rester digne.&nbsp;\u00bb<\/em><\/p>\n\n\n\n<h2 class=\"wp-block-heading\">La violence pour \u00ab&nbsp;terroriser&nbsp;\u00bb<\/h2>\n\n\n\n<p>Les deux femmes sont finalement transf\u00e9r\u00e9es \u00e0 la prison de Damon, dans le nord d\u2019Isra\u00ebl, vers Ha\u00effa, menott\u00e9es ensemble. Tout le long du trajet, un homme au micro hurle des insultes en arabe, elle entend les aboiements d\u2019un chien tout proche. Sur place, la vie se tisse entre les privations et la peur. Les cod\u00e9tenues tentent de faire des colliers avec des noyaux d\u2019olive, de rester propres et dignes.<\/p>\n\n\n\n<figure class=\"wp-block-image\"><img decoding=\"async\" src=\"https:\/\/static.mediapart.fr\/etmagine\/article_thumbnail\/files\/2026\/01\/09\/260109-img-viols-tortures-et-privations-dans-ses-prisons-israel-broie-les-ames-et-les-corps-palestiniens-3.jpg\" alt=\"Illustration 4\"\/><figcaption class=\"wp-element-caption\">Devant la prison de Damon, lors d\u2019un incendie de for\u00eat sur le mont Carmel, en 2010. \u00a9&nbsp;Photo PhotoStock-Israel \/ Alamy \/ Abaca<\/figcaption><\/figure>\n\n\n\n<p>Pendant quatre mois, Asma Hreash est <em>\u00ab&nbsp;\u00e0 la di\u00e8te&nbsp;\u00bb<\/em>. La nourriture, s\u00e8che, avari\u00e9e, jamais suffisante pour \u00eatre rassasi\u00e9e, la d\u00e9go\u00fbte. Elle perd 20 kilos. Elle n\u2019a plus ses r\u00e8gles.&nbsp;<\/p>\n\n\n\n<p>Parfois, les gardes attaquent les cellules avec du gaz lacrymog\u00e8ne, ils laissent les prisonni\u00e8res <em>\u00ab&nbsp;<\/em><em>\u00e9touffer un peu puis quand elles se sentent mal, ils ouvrent la porte et les transf\u00e8rent dans une autre cellule&nbsp;\u00bb<\/em>, rapporte Asma Hreash&nbsp;: <em>\u00ab&nbsp;<\/em><em>Ils ne veulent pas que tu meures, juste te torturer un peu, que tu \u00e9touffes. Ils nous voient comme des chiffres pour les accords d\u2019\u00e9change de prisonniers.&nbsp;\u00bb<\/em> Lors de la guerre contre le Liban, les roquettes du Hezbollah volent au-dessus de la prison. Les d\u00e9tenues sont sur les nerfs, seules \u2013 les gardes sont dans les abris.<\/p>\n\n\n\n<blockquote class=\"wp-block-quote is-layout-flow wp-block-quote-is-layout-flow\">\n<p>Certaines d\u00e9tenues \u00e9taient dans un \u00e9tat psychologique lamentable.<\/p>\n<\/blockquote>\n\n\n\n<p>Asma Hreash, journaliste<\/p>\n\n\n\n<p>En septembre, apr\u00e8s avoir protest\u00e9 contre la mise \u00e0 l\u2019isolement de deux dirigeantes politiques palestiniennes, dont <a href=\"https:\/\/www.leparisien.fr\/international\/israel\/isolement-aspersion-de-gaz-khalida-jarrar-lune-des-palestiniennes-liberees-par-israel-denonce-ses-conditions-de-detention-24-01-2025-4DBFSVOBMBG3LBN7WAOEYCPTMY.php?ts=1767973206795\" target=\"_blank\" rel=\"noreferrer noopener\">Khalida Jarrar<\/a>, les prisonni\u00e8res sont punies. Douze soldats et deux soldates font irruption dans la cellule. <em>\u00ab&nbsp;On ne portait pas nos voiles. Ils nous ont plaqu\u00e9es au mur. Chaque prisonni\u00e8re a \u00e9t\u00e9 emmen\u00e9e dans les toilettes et les soldates nous ont impos\u00e9 une fouille \u00e0 nu. Elles ont laiss\u00e9 la porte entrouverte. Si on refusait, elles mena\u00e7aient de laisser un soldat entrer&nbsp;\u00bb<\/em>, raconte Asma Hreash, ses grands yeux noirs se brouillant. Ces pressions se r\u00e9p\u00e8tent plusieurs fois.<\/p>\n\n\n\n<p>La jeune femme s\u2019estime pourtant chanceuse. Elle assure avoir vu des prisonni\u00e8res le corps couvert de bleus, tandis que d\u2019autres ont subi <em>\u00ab&nbsp;<\/em><em>du harc\u00e8lement sexuel de la part des soldates, qui leur faisaient \u00e9carter les jambes pendant la fouille juste pour les regarder et se moquer. Certaines d\u00e9tenues \u00e9taient dans un \u00e9tat psychologique lamentable&nbsp;\u00bb<\/em>.<\/p>\n\n\n\n<p>En mars 2025, une commission d\u2019enqu\u00eate ind\u00e9pendante de l\u2019ONU publiait <a href=\"https:\/\/www.ohchr.org\/en\/press-releases\/2025\/03\/more-human-can-bear-israels-systematic-use-sexual-reproductive-and-other\" target=\"_blank\" rel=\"noreferrer noopener\">un rapport qui concluait<\/a> qu\u2019<em>\u00ab&nbsp;<\/em><em>Isra\u00ebl [avait] utilis\u00e9 la violence sexuelle et bas\u00e9e sur le genre contre les Palestinien\u00b7nes pour les terroriser&nbsp;<\/em><em>\u00bb<\/em>, selon les mots de sa pr\u00e9sidente, Navi Pillay. Les expert\u00b7es notaient que ces actes, y compris des viols, avaient \u00e9t\u00e9 commis apr\u00e8s que des ordres avaient \u00e9t\u00e9 donn\u00e9s <em>\u00ab&nbsp;<\/em><em>ou avec l\u2019encouragement implicite du haut commandement civil et militaire d\u2019Isra\u00ebl&nbsp;<\/em><em>\u00bb<\/em>.<\/p>\n\n\n\n<p>\u00c0 sa lib\u00e9ration, un responsable de la prison a menac\u00e9 Asma Hreash&nbsp;: si elle parle, elle sera de nouveau arr\u00eat\u00e9e. Le 1<sup>er&nbsp;<\/sup>janvier au petit matin, les forces isra\u00e9liennes ont arr\u00eat\u00e9 son fr\u00e8re de 30 ans <em>\u00ab&nbsp;<\/em><em>devant ses deux enfants de 3 ans et 6 mois&nbsp;\u00bb<\/em>. Il avait d\u00e9j\u00e0 purg\u00e9 quinze mois de prison, en d\u00e9tention administrative. L\u2019avocat a indiqu\u00e9 \u00e0 la famille qu\u2019il \u00e9tait d\u00e9tenu \u00e0 Ofer, dans le centre de la Cisjordanie \u2013 Asma Hreash ne sait rien de ce qui lui est reproch\u00e9, ni m\u00eame s\u2019il sera inculp\u00e9.<\/p>\n\n\n\n<p><a href=\"https:\/\/www.mediapart.fr\/biographie\/clothilde-mraffko\">Clothilde Mraffko<\/a><\/p>\n","protected":false},"excerpt":{"rendered":"<p>Deux journalistes racontent l\u2019enfer qu\u2019ils ont travers\u00e9 dans les ge\u00f4les isra\u00e9liennes, alors m\u00eame qu\u2019ils n\u2019ont jamais \u00e9t\u00e9 inculp\u00e9s. Au moins une centaine de Palestiniens sont morts en prison depuis le 7-Octobre.&nbsp; Clothilde Mraffko 15 janvier 2026 \u00e0 12h03 Cet article vous a&nbsp;\u00e9t\u00e9&nbsp;offert. D\u00e9couvrez tout Mediapart pendant 15&nbsp;jours pour&nbsp;1\u20ac. 15 janvier 2026 \u00e0 12h03 Mise en [&hellip;]<\/p>\n","protected":false},"author":5,"featured_media":166,"comment_status":"open","ping_status":"open","sticky":false,"template":"","format":"standard","meta":{"footnotes":""},"categories":[15,5,27,7,8,4,6],"tags":[],"class_list":["post-165","post","type-post","status-publish","format-standard","has-post-thumbnail","hentry","category-colonialisme","category-complicite","category-droit-international","category-gaza","category-genocide","category-israel","category-palestine"],"_links":{"self":[{"href":"https:\/\/www.palestine45.fr\/wordpress\/index.php?rest_route=\/wp\/v2\/posts\/165","targetHints":{"allow":["GET"]}}],"collection":[{"href":"https:\/\/www.palestine45.fr\/wordpress\/index.php?rest_route=\/wp\/v2\/posts"}],"about":[{"href":"https:\/\/www.palestine45.fr\/wordpress\/index.php?rest_route=\/wp\/v2\/types\/post"}],"author":[{"embeddable":true,"href":"https:\/\/www.palestine45.fr\/wordpress\/index.php?rest_route=\/wp\/v2\/users\/5"}],"replies":[{"embeddable":true,"href":"https:\/\/www.palestine45.fr\/wordpress\/index.php?rest_route=%2Fwp%2Fv2%2Fcomments&post=165"}],"version-history":[{"count":1,"href":"https:\/\/www.palestine45.fr\/wordpress\/index.php?rest_route=\/wp\/v2\/posts\/165\/revisions"}],"predecessor-version":[{"id":167,"href":"https:\/\/www.palestine45.fr\/wordpress\/index.php?rest_route=\/wp\/v2\/posts\/165\/revisions\/167"}],"wp:featuredmedia":[{"embeddable":true,"href":"https:\/\/www.palestine45.fr\/wordpress\/index.php?rest_route=\/wp\/v2\/media\/166"}],"wp:attachment":[{"href":"https:\/\/www.palestine45.fr\/wordpress\/index.php?rest_route=%2Fwp%2Fv2%2Fmedia&parent=165"}],"wp:term":[{"taxonomy":"category","embeddable":true,"href":"https:\/\/www.palestine45.fr\/wordpress\/index.php?rest_route=%2Fwp%2Fv2%2Fcategories&post=165"},{"taxonomy":"post_tag","embeddable":true,"href":"https:\/\/www.palestine45.fr\/wordpress\/index.php?rest_route=%2Fwp%2Fv2%2Ftags&post=165"}],"curies":[{"name":"wp","href":"https:\/\/api.w.org\/{rel}","templated":true}]}}