{"id":201,"date":"2026-01-18T12:33:08","date_gmt":"2026-01-18T12:33:08","guid":{"rendered":"https:\/\/www.palestine45.fr\/wordpress\/?p=201"},"modified":"2026-01-18T12:33:08","modified_gmt":"2026-01-18T12:33:08","slug":"des-attaques-israeliennes-tuent-plusieurs-personnes-alors-que-le-comite-de-gouvernance-de-gaza-se-reunit-au-caire","status":"publish","type":"post","link":"https:\/\/www.palestine45.fr\/wordpress\/?p=201","title":{"rendered":"Des attaques isra\u00e9liennes tuent plusieurs personnes alors que le comit\u00e9 de gouvernance de Gaza se r\u00e9unit au Caire"},"content":{"rendered":"\n<p><em>Rien ne change sur le terrain pour les Palestiniens ayant besoin de \u00ab nourriture, abri, s\u00e9curit\u00e9 \u00bb, qui consid\u00e8rent le plan de Trump comme \u00ab lointain, abstrait \u00bb.<\/em><\/p>\n\n\n\n<figure class=\"wp-block-image\"><img decoding=\"async\" src=\"https:\/\/www.aljazeera.com\/wp-content\/uploads\/2026\/01\/AP26016373908605-1768589696.jpg?resize=770%2C513&amp;quality=80\" alt=\"Des Palestiniens inspectent les d\u00e9combres de la maison familiale al-Hawli, d\u00e9truite lors d\u2019une frappe isra\u00e9lienne \u00e0 Deir al-Balah, \u00e0 Gaza\"\/><figcaption class=\"wp-element-caption\">Des Palestiniens inspectent les d\u00e9combres de la maison familiale al-Hawli, d\u00e9truite lors d\u2019une frappe isra\u00e9lienne \u00e0 Deir el-Balah, dans la bande de Gaza centrale, le 16 janvier 2026 [Abdel Kareem Hana\/AP Photo]<\/figcaption><\/figure>\n\n\n\n<p><a href=\"https:\/\/www.aljazeera.com\/author\/al_jazeera_staff_150119130629458\"><\/a><\/p>\n\n\n\n<p>Les attaques isra\u00e9liennes ont tu\u00e9 au moins trois Palestiniens \u00e0 Gaza dans le cadre des derni\u00e8res violations de son cessez-le-feu fragile avec le Hamas, un jour apr\u00e8s que les \u00c9tats-Unis ont annonc\u00e9 le d\u00e9but de la deuxi\u00e8me phase du&nbsp;<a href=\"https:\/\/www.aljazeera.com\/news\/2025\/9\/29\/heres-the-full-text-of-trumps-20-point-plan-to-end-israels-war-on-gaza\">plan du pr\u00e9sident Donald Trump<\/a>&nbsp;visant \u00e0 mettre fin \u00e0 la guerre g\u00e9nocidaire d\u2019Isra\u00ebl contre le peuple palestinien dans le territoire assi\u00e9g\u00e9.<\/p>\n\n\n\n<p>Une fillette de 10 ans, un gar\u00e7on de 16 ans et une femme \u00e2g\u00e9e ont \u00e9t\u00e9 tu\u00e9s vendredi lors d\u2019attaques isra\u00e9liennes, alors que des membres d\u2019un comit\u00e9 technocratique palestinien pr\u00e9vu se sont r\u00e9unis pour la premi\u00e8re fois au Caire afin de pr\u00e9parer le lancement de la\u00a0<a href=\"https:\/\/www.aljazeera.com\/news\/2026\/1\/15\/gaza-plan-phase-two-us-to-discuss-hamas-disarmament-israeli-withdrawal\">phase deux<\/a>\u00a0du plan de paix.<\/p>\n\n\n\n<p>L\u2019agence de presse palestinienne Wafa a rapport\u00e9 que les forces isra\u00e9liennes avaient abattu Mohammad Raed al-Barawi, 16 ans, \u00e0 Beit Lahiya, dans le nord de Gaza. Le gar\u00e7on est mort \u00ab sur le coup \u00bb apr\u00e8s avoir \u00e9t\u00e9 abattu dans la t\u00eate par les forces isra\u00e9liennes, a indiqu\u00e9 l\u2019agence.<\/p>\n\n\n\n<p>Plus t\u00f4t, l\u2019agence avait rapport\u00e9 la mort de Sabah Ahmed Ali Abu Jamea, 62 ans, tu\u00e9 par des troupes tirant depuis des v\u00e9hicules militaires \u00e0 l\u2019ouest de Khan Younis alors que l\u2019arm\u00e9e menait des \u00ab op\u00e9rations de d\u00e9molition \u00e9tendues \u00bb dans le sud de l\u2019enclave.<\/p>\n\n\n\n<p>Al Jazeera comprend \u00e9galement qu\u2019une fillette de 10 ans a \u00e9t\u00e9 touch\u00e9e par une bombe largu\u00e9e par un drone isra\u00e9lien \u00e0 Beit Lahiya, mourant peu apr\u00e8s son arriv\u00e9e dans un \u00e9tat critique \u00e0 l\u2019h\u00f4pital al-Shifa.<\/p>\n\n\n\n<p>Dans les 24 heures pr\u00e9c\u00e9dant vendredi apr\u00e8s-midi, au moins 15 Palestiniens ont \u00e9t\u00e9 tu\u00e9s, dont six lors de l\u2019attentat contre deux maisons appartenant aux familles al-Hawli et al-Jarou dans la ville centrale de Deir el-Balah jeudi soir. Les d\u00e9c\u00e8s comprenaient un jeune homme de 16 ans.<\/p>\n\n\n\n<p>Isra\u00ebl a annonc\u00e9 ce jour-l\u00e0 avoir tu\u00e9 Muhammad al-Hawli, un commandant des Brigades Qassam, la branche arm\u00e9e du Hamas. Il a d\u00e9clar\u00e9 avoir touch\u00e9 \u00ab plusieurs terroristes &#8230; de l\u2019autre c\u00f4t\u00e9 de la bande de Gaza \u00bb.<\/p>\n\n\n\n<p>Vendredi, le porte-parole du Hamas, Hazem Qassem, a d\u00e9clar\u00e9 que le groupe estimait qu\u2019Isra\u00ebl avait commis une \u00ab nouvelle violation \u00bb du cessez-le-feu en menant des frappes \u00e0 Gaza.<\/p>\n\n\n\n<p>Au moins 463 Palestiniens ont \u00e9t\u00e9 tu\u00e9s depuis l\u2019entr\u00e9e en vigueur du cessez-le-feu le 10 octobre, selon les autorit\u00e9s de Gaza.<\/p>\n\n\n\n<p>Isra\u00ebl a signal\u00e9 trois soldats tu\u00e9s sur la m\u00eame p\u00e9riode.<\/p>\n\n\n\n<figure class=\"wp-block-image\"><img decoding=\"async\" src=\"https:\/\/cf-images.eu-west-1.prod.boltdns.net\/v1\/static\/665003303001\/71f5cef0-6123-42b1-bf47-db9d68d06a68\/c6b36892-0b5f-450d-8bdc-980062120a04\/1920x1080\/match\/image.jpg\" alt=\"\"\/><\/figure>\n\n\n\n<h2 class=\"wp-block-heading\" id=\"seven-years-to-clear-the-rubble\">Sept ans pour d\u00e9gager les d\u00e9combres<\/h2>\n\n\n\n<p>Alors que les tueries se poursuivaient \u00e0 Gaza, un comit\u00e9 technocratique palestinien charg\u00e9 de gouverner Gaza dans le cadre du plan de&nbsp;<a href=\"https:\/\/www.aljazeera.com\/news\/2026\/1\/16\/us-declares-phase-two-of-gaza-ceasefire-but-what-did-phase-one-deliver?traffic_source=rss\">paix<\/a>&nbsp;en plusieurs phases du pr\u00e9sident Trump s\u2019est r\u00e9uni pour la premi\u00e8re fois au Caire.<\/p>\n\n\n\n<p>Recevez des alertes instantan\u00e9es et des mises \u00e0 jour selon vos centres d\u2019int\u00e9r\u00eat. Soyez le premier inform\u00e9 quand de grandes histoires arrivent.Oui, tenez-moi au courant<\/p>\n\n\n\n<p>\u00ab Le peuple palestinien attendait avec impatience ce comit\u00e9, sa cr\u00e9ation et son travail pour le sauver \u00bb, a d\u00e9clar\u00e9 le dirigeant Ali Shaath, ing\u00e9nieur et ancien vice-ministre de l\u2019Autorit\u00e9 palestinienne (AP), s\u2019adressant \u00e0 la cha\u00eene d\u2019\u00c9tat \u00e9gyptienne Al-Qahera News.<\/p>\n\n\n\n<p>Le Comit\u00e9 national pour l\u2019administration de Gaza g\u00e9rera les affaires quotidiennes sous la supervision d\u2019un \u00ab conseil de la paix \u00bb dirig\u00e9 par Trump, qui devrait \u00eatre dirig\u00e9 par le diplomate et homme politique bulgare&nbsp;<a href=\"https:\/\/www.aljazeera.com\/features\/2026\/1\/15\/who-is-nickolay-mladenov-the-diplomat-tasked-with-disarming-gaza\">Nickola\u00ef Mladenov<\/a>.<\/p>\n\n\n\n<p>Shaath s\u2019est jusqu\u2019\u00e0 pr\u00e9sent montr\u00e9 optimiste quant aux plans du comit\u00e9, affirmant s\u2019attendre \u00e0 ce que la reconstruction et la reconstruction prennent environ trois ans.<\/p>\n\n\n\n<p>Mais le Programme des Nations Unies pour le d\u00e9veloppement estime qu\u2019il faudra sept ans rien qu\u2019\u00e0 d\u00e9gager les d\u00e9combres, et seulement avec des approvisionnements ininterrompus en carburant et en machines lourdes \u2013 ce qui n\u2019est en aucun cas garanti, Isra\u00ebl continuant d\u2019occuper plus de 50 % de la bande derri\u00e8re la soi-disant \u00ab&nbsp;<a href=\"https:\/\/www.aljazeera.com\/news\/2026\/1\/5\/israel-extends-gaza-occupation-beyond-yellow-line-in-north-bombs-south\">ligne jaune<\/a>&nbsp;\u00bb.<\/p>\n\n\n\n<figure class=\"wp-block-image\"><img decoding=\"async\" src=\"https:\/\/cf-images.eu-west-1.prod.boltdns.net\/v1\/static\/665003303001\/69c49c53-1f43-4709-9df8-25a44bd2e882\/f0003510-66ae-43b1-968b-7b5cdc980e80\/1920x1080\/match\/image.jpg\" alt=\"\"\/><figcaption class=\"wp-element-caption\">Mer de destruction : une grande partie de Gaza r\u00e9duite en ruines apr\u00e8s des ann\u00e9es de bombardements<\/figcaption><\/figure>\n\n\n\n<h2 class=\"wp-block-heading\" id=\"little-clarity\">Peu de clart\u00e9<\/h2>\n\n\n\n<p>Alors que le plan Trump entre dans la phase deux, il y a peu de clart\u00e9 sur le calendrier et l\u2019ampleur du retrait d\u2019Isra\u00ebl de l\u2019enclave.<\/p>\n\n\n\n<p>Il reste \u00e9galement incertain comment le d\u00e9sarmement du Hamas, un principe cl\u00e9 du plan, se d\u00e9roulera. Le groupe arm\u00e9 a jusqu\u2019\u00e0 pr\u00e9sent refus\u00e9 de d\u00e9poser les armes.<\/p>\n\n\n\n<p>N\u00e9anmoins, le Hamas a salu\u00e9 la cr\u00e9ation du comit\u00e9 technocratique vendredi, qualifiant cela de \u00ab pas dans la bonne direction \u00bb et signalant qu\u2019il \u00e9tait pr\u00eat \u00e0 remettre l\u2019administration de Gaza.<\/p>\n\n\n\n<p>Sultan Barakat, professeur de politique publique \u00e0 l\u2019universit\u00e9 Hamad Bin Khalifa, a d\u00e9clar\u00e9 \u00e0 Al Jazeera que l\u2019approbation du Hamas indiquait qu\u2019il avait \u00ab masqu\u00e9 \u00bb ses diff\u00e9rends de longue date avec l\u2019AP.<\/p>\n\n\n\n<p>Trump a maintenu une position ferme sur le d\u00e9sarmement du Hamas, d\u00e9clarant jeudi au groupe qu\u2019il pourrait d\u00e9sarmer \u00ab de la mani\u00e8re facile ou difficile \u00bb, l\u2019avertissant de rendre \u00ab IMM\u00c9DIATEMENT \u00bb les restes du dernier captif isra\u00e9lien.<\/p>\n\n\n\n<p>Depuis Gaza, Tareq Abu Azzoum d\u2019Al Jazeera a d\u00e9clar\u00e9 que les habitants de Gaza, dont des centaines de milliers vivent dans des abris de fortune fragiles en plein hiver, avaient \u00ab peu d\u2019attentes que les plans politiques se traduisent par un v\u00e9ritable soulagement \u00bb.<\/p>\n\n\n\n<p>\u00ab Pour la plupart des gens ici, les promesses concernant la phase deux de l\u2019accord de cessez-le-feu paraissent lointaines et abstraites, tandis que la nourriture, l\u2019abri, l\u2019eau et la s\u00e9curit\u00e9 restent des pr\u00e9occupations urgentes \u00bb, a-t-il d\u00e9clar\u00e9.<\/p>\n","protected":false},"excerpt":{"rendered":"<p>Rien ne change sur le terrain pour les Palestiniens ayant besoin de \u00ab nourriture, abri, s\u00e9curit\u00e9 \u00bb, qui consid\u00e8rent le plan de Trump comme \u00ab lointain, abstrait \u00bb. Les attaques isra\u00e9liennes ont tu\u00e9 au moins trois Palestiniens \u00e0 Gaza dans le cadre des derni\u00e8res violations de son cessez-le-feu fragile avec le Hamas, un jour apr\u00e8s [&hellip;]<\/p>\n","protected":false},"author":5,"featured_media":202,"comment_status":"open","ping_status":"open","sticky":false,"template":"","format":"standard","meta":{"footnotes":""},"categories":[15,34,7,8,4],"tags":[],"class_list":["post-201","post","type-post","status-publish","format-standard","has-post-thumbnail","hentry","category-colonialisme","category-destructions","category-gaza","category-genocide","category-israel"],"_links":{"self":[{"href":"https:\/\/www.palestine45.fr\/wordpress\/index.php?rest_route=\/wp\/v2\/posts\/201","targetHints":{"allow":["GET"]}}],"collection":[{"href":"https:\/\/www.palestine45.fr\/wordpress\/index.php?rest_route=\/wp\/v2\/posts"}],"about":[{"href":"https:\/\/www.palestine45.fr\/wordpress\/index.php?rest_route=\/wp\/v2\/types\/post"}],"author":[{"embeddable":true,"href":"https:\/\/www.palestine45.fr\/wordpress\/index.php?rest_route=\/wp\/v2\/users\/5"}],"replies":[{"embeddable":true,"href":"https:\/\/www.palestine45.fr\/wordpress\/index.php?rest_route=%2Fwp%2Fv2%2Fcomments&post=201"}],"version-history":[{"count":1,"href":"https:\/\/www.palestine45.fr\/wordpress\/index.php?rest_route=\/wp\/v2\/posts\/201\/revisions"}],"predecessor-version":[{"id":203,"href":"https:\/\/www.palestine45.fr\/wordpress\/index.php?rest_route=\/wp\/v2\/posts\/201\/revisions\/203"}],"wp:featuredmedia":[{"embeddable":true,"href":"https:\/\/www.palestine45.fr\/wordpress\/index.php?rest_route=\/wp\/v2\/media\/202"}],"wp:attachment":[{"href":"https:\/\/www.palestine45.fr\/wordpress\/index.php?rest_route=%2Fwp%2Fv2%2Fmedia&parent=201"}],"wp:term":[{"taxonomy":"category","embeddable":true,"href":"https:\/\/www.palestine45.fr\/wordpress\/index.php?rest_route=%2Fwp%2Fv2%2Fcategories&post=201"},{"taxonomy":"post_tag","embeddable":true,"href":"https:\/\/www.palestine45.fr\/wordpress\/index.php?rest_route=%2Fwp%2Fv2%2Ftags&post=201"}],"curies":[{"name":"wp","href":"https:\/\/api.w.org\/{rel}","templated":true}]}}