{"id":216,"date":"2026-01-20T10:14:18","date_gmt":"2026-01-20T10:14:18","guid":{"rendered":"https:\/\/www.palestine45.fr\/wordpress\/?p=216"},"modified":"2026-01-20T10:14:18","modified_gmt":"2026-01-20T10:14:18","slug":"la-fin-de-lonu-vladimir-poutine-et-javier-milei-invites-un-siege-permanent-a-un-milliard-de-dollars-ce-que-lon-sait-du-conseil-de-paix-lance-par-donald-trump","status":"publish","type":"post","link":"https:\/\/www.palestine45.fr\/wordpress\/?p=216","title":{"rendered":"La fin de l&rsquo;ONU : Vladimir Poutine et Javier Milei invit\u00e9s, un si\u00e8ge permanent \u00e0 un milliard de dollars&#8230; Ce que l&rsquo;on sait du \u00ab\u00a0Conseil de paix\u00a0\u00bb lanc\u00e9 par Donald Trump"},"content":{"rendered":"\n<p>Le comit\u00e9 que le pr\u00e9sident am\u00e9ricain veut former pour superviser la sortie de guerre \u00e0 Gaza pourrait en fait intervenir dans bien d&rsquo;autres crises \u00e0 travers le monde. Au risque de court-circuiter l&rsquo;ONU !<\/p>\n\n\n\n<figure class=\"wp-block-image\"><img decoding=\"async\" src=\"https:\/\/www.franceinfo.fr\/pictures\/4ifuKk3XHt9cMskl47aSTY5qYbM\/0x240:5000x3051\/432x243\/filters:format(jpg)\/2026\/01\/18\/075-leyden-trumpspe260116-nphy1-696cf95e9afd3269561517.jpg\" alt=\"Le pr\u00e9sident des Etats-Unis, Donald Trump, le 16 janvier 2026, \u00e0 Washington, capitale du pays. (ANDREW LEYDEN \/ NURPHOTO \/ AFP)\"\/><figcaption class=\"wp-element-caption\">Le pr\u00e9sident des Etats-Unis, Donald Trump, le 16 janvier 2026, \u00e0 Washington, capitale du pays. (ANDREW LEYDEN \/ NURPHOTO \/ AFP)<\/figcaption><\/figure>\n\n\n\n<p>Il veut rebattre les cartes de la coop\u00e9ration internationale. Donald Trump a de nouvelles ambitions pour son <a href=\"https:\/\/www.franceinfo.fr\/monde\/proche-orient\/israel-palestine\/le-conseil-de-la-paix-pour-gaza-a-ete-forme-affirme-donald-trump-qui-le-presidera_7745179.html\">\u00ab\u00a0Conseil de paix\u00a0\u00bb pour la bande de Gaza<\/a>, dont le mandat semble en r\u00e9alit\u00e9 d\u00e9passer tr\u00e8s largement l&rsquo;enclave palestinienne. Selon une charte de cette organisation obtenue par plusieurs m\u00e9dias ainsi que l&rsquo;AFP, lundi 19 janvier, il est d\u00e9sormais question de <em>\u00ab\u00a0garantir la paix\u00a0\u00bb<\/em> dans le monde entier. Son fonctionnement ressemble \u00e0 celui d&rsquo;un club priv\u00e9, fait <em>\u00ab\u00a0d&rsquo;invitations\u00a0\u00bb<\/em> et de si\u00e8ges permanents vendus \u00e0 un milliard de dollars. Franceinfo fait le point sur ce projet qui a l&rsquo;ONU dans le viseur.&nbsp;<\/p>\n\n\n\n<h2 class=\"wp-block-heading\">Un p\u00e9rim\u00e8tre d&rsquo;action bien plus large<\/h2>\n\n\n\n<p>Jusqu&rsquo;\u00e0 la r\u00e9v\u00e9lation de sa charte lundi, le \u00ab\u00a0Conseil pour la paix\u00a0\u00bb de Donald Trump avait pour seule mission&nbsp;de superviser <a href=\"https:\/\/www.franceinfo.fr\/monde\/proche-orient\/israel-palestine\/cessez-le-feu-a-gaza-comment-la-deuxieme-phase-du-plan-americain-pour-mettre-fin-a-la-guerre-va-t-elle-etre-mise-en-uvre_7745335.html\">la phase 2 du plan<\/a> visant \u00e0 mettre fin \u00e0 la guerre <a href=\"https:\/\/www.franceinfo.fr\/monde\/proche-orient\/israel-palestine\/la-famine-a-gaza-est-terminee-mais-l-insecurite-alimentaire-reste-critique-selon-l-onu_7692058.html\">men\u00e9e par Isra\u00ebl dans la bande de Gaza<\/a>. C&rsquo;est d&rsquo;ailleurs le p\u00e9rim\u00e8tre que lui avait fix\u00e9 l&rsquo;ONU et son Conseil de s\u00e9curit\u00e9 mi-novembre <a href=\"https:\/\/docs.un.org\/fr\/S\/RES\/2803(2025)\" target=\"_blank\" rel=\"noreferrer noopener\">dans une r\u00e9solution(Nouvelle fen\u00eatre)<\/a>, en lui donnant un mandat courant jusqu&rsquo;\u00e0 la fin de l&rsquo;ann\u00e9e 2027.<\/p>\n\n\n\n<p>Pourtant, dans la charte distribu\u00e9e en pi\u00e8ce jointe aux invitations \u00e0 rejoindre ce comit\u00e9, aucune mention n&rsquo;est faite du territoire palestinien. Ce projet vise \u00e0 <em>\u00ab\u00a0promouvoir la stabilit\u00e9, \u00e0 r\u00e9tablir une gouvernance fiable et l\u00e9gitime, et \u00e0 garantir une paix durable dans les r\u00e9gions touch\u00e9es ou menac\u00e9es par des conflits\u00a0\u00bb<\/em>, explique son article 1. Par cette phrase, le mandat de l&rsquo;entit\u00e9 prend une ampleur tout \u00e0 fait diff\u00e9rente. <em>\u00ab\u00a0<\/em><em>Le Conseil assumera ces fonctions de consolidation de la paix conform\u00e9ment au droit international et \u00e0 la pr\u00e9sente charte\u00a0\u00bb<\/em>, est-il \u00e9crit dans le m\u00eame article.&nbsp;<\/p>\n\n\n\n<h2 class=\"wp-block-heading\">Seuls les pays invit\u00e9s ont le droit d&rsquo;y si\u00e9ger<\/h2>\n\n\n\n<p>Comme cela a \u00e9t\u00e9 valid\u00e9 par l&rsquo;ONU, Donald Trump sera le <em>\u00ab\u00a0premier pr\u00e9sident du Conseil de paix\u00a0\u00bb. <\/em>Mais la charte de huit pages diffus\u00e9e lundi pr\u00e9cise que ses pouvoirs seront tr\u00e8s larges.&nbsp;Selon ce texte, le pr\u00e9sident am\u00e9ricain serait le seul autoris\u00e9 \u00e0 <em>\u00ab\u00a0inviter\u00a0\u00bb<\/em> d&rsquo;autres chefs d&rsquo;Etat et de gouvernement \u00e0 le rejoindre. Donald Trump pourrait r\u00e9voquer leur adh\u00e9sion d&rsquo;un simple geste, sauf en cas de <em>\u00ab\u00a0veto par une majorit\u00e9 des deux tiers des Etats membres\u00a0\u00bb<\/em>. La charte pr\u00e9voit aussi que le pr\u00e9sident du \u00ab\u00a0Conseil de paix\u00a0\u00bb se r\u00e9serve un droit de regard sur tous les votes.<\/p>\n\n\n\n<h2 class=\"wp-block-heading\">Un si\u00e8ge permanent \u00e0 un milliard de dollars<\/h2>\n\n\n\n<p>Autre particularit\u00e9&nbsp;: la participation \u00e0 ce comit\u00e9 expire au bout de trois ans. Pour renouveler leur \u00ab\u00a0mandat\u00a0\u00bb, les pays doivent alors \u00e0 nouveau \u00eatre invit\u00e9s par le pr\u00e9sident, sauf s&rsquo;ils ont vers\u00e9 <em>\u00ab\u00a0<\/em><em>plus d&rsquo;un milliard de dollars en esp\u00e8ces au \u00ab\u00a0Conseil de paix\u00a0\u00bb au cours de la premi\u00e8re ann\u00e9e suivant l&rsquo;entr\u00e9e en vigueur de la charte\u00a0\u00bb<\/em>, pr\u00e9cise le texte.&nbsp;<\/p>\n\n\n\n<p>Certains dirigeants <em>\u00ab\u00a0d&rsquo;envergure mondiale\u00a0\u00bb<\/em> se verront par ailleurs nomm\u00e9s au sein d&rsquo;un \u00ab\u00a0comit\u00e9 ex\u00e9cutif\u00a0\u00bb, selon cette charte. L\u00e0 encore, le pr\u00e9sident du comit\u00e9 a d&rsquo;importants pouvoirs. <em>\u00ab\u00a0Les membres du comit\u00e9 ex\u00e9cutif sont nomm\u00e9s pour un mandat de deux ans, sous r\u00e9serve de r\u00e9vocation par le pr\u00e9sident et renouvelable \u00e0 sa discr\u00e9tion\u00a0\u00bb<\/em>, d\u00e9taille le texte.<\/p>\n\n\n\n<h2 class=\"wp-block-heading\">Vladimir Poutine, Javier Milei et Viktor Orban invit\u00e9s<\/h2>\n\n\n\n<p>Depuis samedi, plusieurs dirigeants \u00e9trangers ou conseillers de ces derniers ont affirm\u00e9 avoir re\u00e7u une invitation de la part de Donald Trump, sans pour autant dire s&rsquo;ils comptaient l&rsquo;accepter. Il s&rsquo;agit notamment du Premier ministre de l&rsquo;Albanie, Edi Rama, du pr\u00e9sident argentin, Javier Milei, du pr\u00e9sident br\u00e9silien, Luiz Inacio Lula da Silva, du Premier ministre canadien, Mark Carney, mais aussi du pr\u00e9sident \u00e9gyptien, Abdel Fattah al-Sissi, du <a href=\"https:\/\/www.franceinfo.fr\/monde\/palestine\/gaza\/cessez-le-feu-a-gaza-donald-trump-a-invite-recep-tayyip-erdogan-a-sieger-au-conseil-de-la-paix-selon-la-presidence-turque_7747759.html\">pr\u00e9sident turc, Recep Tayyip Erdogan<\/a>, de la Premi\u00e8re ministre italienne, Giorgia Meloni, et du Premier ministre hongrois, Viktor Orban. &nbsp;<\/p>\n\n\n\n<p>Lundi, le Kremlin a fait savoir que le pr\u00e9sident russe Vladimir Poutine avait <em>\u00ab\u00a0re\u00e7u une invitation\u00a0\u00bb<\/em>, sans pr\u00e9ciser si une quelconque r\u00e9ponse avait \u00e9t\u00e9 donn\u00e9e.De son c\u00f4t\u00e9, la France a \u00e9galement \u00e9t\u00e9 invit\u00e9e mais <em>\u00ab\u00a0n&rsquo;entend pas donner suite favorable\u00a0\u00bb<\/em> \u00e0 ce stade, car ce projet <em>\u00ab\u00a0soul\u00e8ve des questions majeures\u00a0\u00bb<\/em>, a d\u00e9clar\u00e9 \u00e0 l&rsquo;AFP l&rsquo;entourage d&rsquo;Emmanuel Macron.<\/p>\n\n\n\n<p>Du fait de l&rsquo;\u00e9volution radicale du projet de comit\u00e9, des incertitudes demeurent autour de la composition exacte de l&rsquo;organisme. Avant la diffusion de cette charte, il \u00e9tait cependant pr\u00e9vu que le chef de la diplomatie am\u00e9ricaine, Marco Rubio, l&rsquo;\u00e9missaire sp\u00e9cial Steve Witkoff ainsi que le gendre de Donald Trump, Jared Kushner, qui est aussi son m\u00e9diateur officieux, y prennent part, tout comme le pr\u00e9sident de la Banque mondiale, Ajay Banga. L&rsquo;ancien Premier ministre britannique Tony Blair a de son c\u00f4t\u00e9 confirm\u00e9 samedi sa participation au conseil, pr\u00e9cisant \u00eatre <em>\u00ab\u00a0honor\u00e9 d&rsquo;avoir \u00e9t\u00e9 nomm\u00e9 \u00e0 son comit\u00e9 ex\u00e9cutif\u00a0\u00bb<\/em>.&nbsp;<\/p>\n\n\n\n<h2 class=\"wp-block-heading\">Un budget, du personnel et des agences \u00e9voqu\u00e9s<\/h2>\n\n\n\n<p>La charte ajoute que ce \u00ab\u00a0Conseil de paix\u00a0\u00bb se r\u00e9serve le droit d&rsquo;avoir un budget, gr\u00e2ce aux participations <em>\u00ab\u00a0volontaires\u00a0\u00bb <\/em>de ses membres, mais aussi <em>\u00ab\u00a0d&#8217;employer du personnel\u00a0\u00bb<\/em> et de cr\u00e9er des sous-comit\u00e9s ainsi que des <em>\u00ab\u00a0entit\u00e9s subsidiaires\u00a0\u00bb<\/em> pour mener des missions. L\u00e0 encore, seul le pr\u00e9sident est habilit\u00e9 \u00e0 <em>\u00ab\u00a0cr\u00e9er, modifier ou dissoudre\u00a0\u00bb<\/em> ces organes. En cas de d\u00e9saccord entre les membres du comit\u00e9, par exemple concernant les agences ou le personnel, un r\u00e8glement <em>\u00ab\u00a0amical\u00a0\u00bb<\/em> est recommand\u00e9. Le pr\u00e9sident peut \u00eatre appel\u00e9 \u00e0 trancher en sa qualit\u00e9 d&rsquo;<em>\u00ab\u00a0autorit\u00e9 finale\u00a0\u00bb<\/em>.&nbsp;<\/p>\n\n\n\n<p>Un <em>\u00ab\u00a0quartier g\u00e9n\u00e9ral\u00a0\u00bb <\/em>etdes <em>\u00ab\u00a0bureaux ext\u00e9rieurs\u00a0\u00bb<\/em> sont mentionn\u00e9s, ainsi qu&rsquo;un sceau officiel qui doit \u00eatre approuv\u00e9, l\u00e0 encore, par le pr\u00e9sident. L&rsquo;anglais est d\u00e9sign\u00e9 comme la langue officielle. Il est pr\u00e9cis\u00e9 que la charte <em>\u00ab\u00a0entrera en vigueur d\u00e8s que trois Etats auront exprim\u00e9 leur consentement \u00e0 \u00eatre li\u00e9s par celle-ci\u00a0\u00bb<\/em>.<\/p>\n\n\n\n<h2 class=\"wp-block-heading\">L&rsquo;ONU et les organisations internationales mises \u00e0 l&rsquo;\u00e9cart<\/h2>\n\n\n\n<p>Dans son pr\u00e9ambule, le texte recommande de <em>\u00ab\u00a0<\/em><em>s&rsquo;\u00e9carter des approches et des institutions qui ont trop souvent \u00e9chou\u00e9\u00a0\u00bb<\/em>. Sans les nommer directement, il juge aussi que les organisations internationales <em>\u00ab\u00a0favorisent la d\u00e9pendance\u00a0\u00bb<\/em> des r\u00e9gions en guerre et <em>\u00ab\u00a0institutionnalisent les crises\u00a0\u00bb<\/em>. Le \u00ab\u00a0Conseil de paix\u00a0\u00bb se pr\u00e9sente alors comme <em>\u00ab\u00a0plus agile et plus efficace\u00a0\u00bb<\/em>.&nbsp;<\/p>\n\n\n\n<p><a href=\"https:\/\/x.com\/UN\/status\/2013235241469485456\" target=\"_blank\" rel=\"noreferrer noopener\">Sur X(Nouvelle fen\u00eatre)<\/a>, l&rsquo;ONU a publi\u00e9 lundi un message sobre, rappelant que <em>\u00ab\u00a0depuis huit d\u00e9cennies, les Nations unies ont travaill\u00e9 au nom de l&rsquo;humanit\u00e9\u00a0\u00bb<\/em>. <em>\u00ab\u00a0Aujourd&rsquo;hui, nous restons plus que jamais engag\u00e9s \u00e0 promouvoir la paix, la dignit\u00e9 et l&rsquo;\u00e9galit\u00e9 pour tous sur une plan\u00e8te en bonne sant\u00e9\u00a0\u00bb<\/em>, a r\u00e9agi l&rsquo;organisation, qui avait \u00e9t\u00e9 tr\u00e8s critiqu\u00e9e par Donald Trump lors de l&rsquo;assembl\u00e9e g\u00e9n\u00e9rale fin septembre. <em>\u00ab\u00a0L&rsquo;ONU, ce sont des mots creux. Et les mots creux ne r\u00e9solvent pas les guerres\u00a0\u00bb<\/em>, avait alors lanc\u00e9 le pr\u00e9sident am\u00e9ricain.&nbsp;<\/p>\n\n\n\n<p>AFP<\/p>\n","protected":false},"excerpt":{"rendered":"<p>Le comit\u00e9 que le pr\u00e9sident am\u00e9ricain veut former pour superviser la sortie de guerre \u00e0 Gaza pourrait en fait intervenir dans bien d&rsquo;autres crises \u00e0 travers le monde. Au risque de court-circuiter l&rsquo;ONU ! Il veut rebattre les cartes de la coop\u00e9ration internationale. Donald Trump a de nouvelles ambitions pour son \u00ab\u00a0Conseil de paix\u00a0\u00bb pour [&hellip;]<\/p>\n","protected":false},"author":5,"featured_media":217,"comment_status":"open","ping_status":"open","sticky":false,"template":"","format":"standard","meta":{"footnotes":""},"categories":[37,36,26],"tags":[],"class_list":["post-216","post","type-post","status-publish","format-standard","has-post-thumbnail","hentry","category-o-n-u","category-trump","category-usa"],"_links":{"self":[{"href":"https:\/\/www.palestine45.fr\/wordpress\/index.php?rest_route=\/wp\/v2\/posts\/216","targetHints":{"allow":["GET"]}}],"collection":[{"href":"https:\/\/www.palestine45.fr\/wordpress\/index.php?rest_route=\/wp\/v2\/posts"}],"about":[{"href":"https:\/\/www.palestine45.fr\/wordpress\/index.php?rest_route=\/wp\/v2\/types\/post"}],"author":[{"embeddable":true,"href":"https:\/\/www.palestine45.fr\/wordpress\/index.php?rest_route=\/wp\/v2\/users\/5"}],"replies":[{"embeddable":true,"href":"https:\/\/www.palestine45.fr\/wordpress\/index.php?rest_route=%2Fwp%2Fv2%2Fcomments&post=216"}],"version-history":[{"count":1,"href":"https:\/\/www.palestine45.fr\/wordpress\/index.php?rest_route=\/wp\/v2\/posts\/216\/revisions"}],"predecessor-version":[{"id":218,"href":"https:\/\/www.palestine45.fr\/wordpress\/index.php?rest_route=\/wp\/v2\/posts\/216\/revisions\/218"}],"wp:featuredmedia":[{"embeddable":true,"href":"https:\/\/www.palestine45.fr\/wordpress\/index.php?rest_route=\/wp\/v2\/media\/217"}],"wp:attachment":[{"href":"https:\/\/www.palestine45.fr\/wordpress\/index.php?rest_route=%2Fwp%2Fv2%2Fmedia&parent=216"}],"wp:term":[{"taxonomy":"category","embeddable":true,"href":"https:\/\/www.palestine45.fr\/wordpress\/index.php?rest_route=%2Fwp%2Fv2%2Fcategories&post=216"},{"taxonomy":"post_tag","embeddable":true,"href":"https:\/\/www.palestine45.fr\/wordpress\/index.php?rest_route=%2Fwp%2Fv2%2Ftags&post=216"}],"curies":[{"name":"wp","href":"https:\/\/api.w.org\/{rel}","templated":true}]}}