{"id":222,"date":"2026-01-20T14:41:05","date_gmt":"2026-01-20T14:41:05","guid":{"rendered":"https:\/\/www.palestine45.fr\/wordpress\/?p=222"},"modified":"2026-01-20T14:41:05","modified_gmt":"2026-01-20T14:41:05","slug":"une-violation-grave-du-droit-international-a-jerusalem-est-israel-demolit-des-batiments-du-siege-de-lunrwa","status":"publish","type":"post","link":"https:\/\/www.palestine45.fr\/wordpress\/?p=222","title":{"rendered":"\u00ab Une violation grave du droit international \u00bb : \u00e0 J\u00e9rusalem-Est, Isra\u00ebl d\u00e9molit des b\u00e2timents du si\u00e8ge de l\u2019Unrwa"},"content":{"rendered":"\n<p>AFP<\/p>\n\n\n\n<p><img decoding=\"async\" src=\"blob:https:\/\/www.palestine45.fr\/49a8bcfd-0b79-4c5e-9622-3f9b77e8d09e\"><img decoding=\"async\" src=\"https:\/\/img-s-msn-com.akamaized.net\/tenant\/amp\/entityid\/AA1UzFz6.img?w=768&amp;h=432&amp;m=6\" alt=\"L'agence des Nations unies pour les r\u00e9fugi\u00e9s palestiniens (Unrwa) a d\u00e9nonc\u00e9 mardi une &quot;attaque sans pr\u00e9c\u00e9dent&quot; apr\u00e8s la d\u00e9molition par Isra\u00ebl de b\u00e2timents de son si\u00e8ge de J\u00e9rusalem-Est. AFP\/Ilia Yefimovich\"><\/p>\n\n\n\n<p>L&rsquo;agence des Nations unies pour les r\u00e9fugi\u00e9s palestiniens (Unrwa) a d\u00e9nonc\u00e9 mardi une \u00ab\u00a0attaque sans pr\u00e9c\u00e9dent\u00a0\u00bb apr\u00e8s la d\u00e9molition par Isra\u00ebl de b\u00e2timents de son si\u00e8ge de J\u00e9rusalem-Est. AFP\/Ilia Yefimovich\u00a9&nbsp;ILIA YEFIMOVICH<\/p>\n\n\n\n<p>Des bulldozers isra\u00e9liens ont commenc\u00e9 \u00e0 d\u00e9molir mardi des b\u00e2timents dans l\u2019enceinte du&nbsp;<a href=\"https:\/\/www.leparisien.fr\/international\/interdiction-de-lunrwa-en-israel-5-minutes-pour-comprendre-ses-consequences-devastatrices-29-10-2024-D65PTKH6PBCRLLJVUH3QQPQGYI.php\" rel=\"noreferrer noopener\" target=\"_blank\">si\u00e8ge de l\u2019agence des Nations unies pour les r\u00e9fugi\u00e9s palestiniens&nbsp;<\/a>(Unrwa) \u00e0 J\u00e9rusalem-Est, selon un photographe de l\u2019AFP sur place.<\/p>\n\n\n\n<p>\u00ab Le complexe ne b\u00e9n\u00e9ficie d\u2019aucune immunit\u00e9 et sa saisie par les autorit\u00e9s isra\u00e9liennes a \u00e9t\u00e9 effectu\u00e9e conform\u00e9ment au droit isra\u00e9lien et international \u00bb, a affirm\u00e9 le minist\u00e8re des Affaires \u00e9trang\u00e8res.<\/p>\n\n\n\n<p>Les autorit\u00e9s isra\u00e9liennes ont accus\u00e9 des\u00a0<a href=\"https:\/\/www.leparisien.fr\/international\/israel\/guerre-a-gaza-israel-va-cesser-tout-contact-avec-lunrwa-avec-le-soutien-americain-28-01-2025-M7KI6N5PHNDUDKYRMR77BGST6M.php\" target=\"_blank\" rel=\"noreferrer noopener\">employ\u00e9s de l\u2019agence<\/a>\u00a0d\u2019avoir particip\u00e9 \u00e0\u00a0<a href=\"https:\/\/www.leparisien.fr\/international\/israel\/attaques-du-7-octobre-le-hamas-accumulait-des-informations-sur-certains-kibboutz-depuis-2016-selon-la-presse-israelienne-30-12-2024-WOLDS7CHPNC5LOQPEKASGYHXQ4.php\" target=\"_blank\" rel=\"noreferrer noopener\">l\u2019attaque du Hamas le 7 octobre 2023<\/a>, qui a d\u00e9clench\u00e9 la guerre \u00e0 Gaza.<\/p>\n\n\n\n<figure class=\"wp-block-image\"><img decoding=\"async\" src=\"https:\/\/assets.msn.com\/staticsb\/statics\/latest\/icons-wc\/icons\/MoreV2.svg\" alt=\"more\"\/><\/figure>\n\n\n\n<h1 class=\"wp-block-heading\">L\u2019Unrwa d\u00e9nonce une \u00ab attaque sans pr\u00e9c\u00e9dent \u00bb<\/h1>\n\n\n\n<p>L\u2019agence des Nations unies pour les r\u00e9fugi\u00e9s palestiniens a d\u00e9nonc\u00e9 une \u00ab attaque sans pr\u00e9c\u00e9dent \u00bb, selon des d\u00e9clarations de responsables \u00e0 l\u2019AFP.<\/p>\n\n\n\n<p>\u00ab Il s\u2019agit d\u2019une attaque sans pr\u00e9c\u00e9dent \u00bb, a affirm\u00e9 Roland Frierich,&nbsp;<a href=\"https:\/\/www.leparisien.fr\/international\/israel\/enquete-sur-lunrwa-et-le-hamas-plusieurs-dossiers-classes-ou-suspendus-faute-de-preuves-disrael-27-04-2024-6O4LEJ7XVBHGTP23HYZ5RIFCXA.php\" rel=\"noreferrer noopener\" target=\"_blank\">directeur de l\u2019Unrwa<\/a>&nbsp;en Cisjordanie et \u00e0 J\u00e9rusalem-Est, \u00ab elle constitue une violation grave du droit international ainsi que des privil\u00e8ges et immunit\u00e9s des Nations unies \u00bb. \u00ab Comme tous les \u00c9tats membres de l\u2019ONU, Isra\u00ebl est tenu de prot\u00e9ger et de respecter l\u2019inviolabilit\u00e9 des locaux de l\u2019ONU \u00bb, a soulign\u00e9 de son c\u00f4t\u00e9 Jonathan Fowler, porte-parole de l\u2019agence.<\/p>\n\n\n\n<h1 class=\"wp-block-heading\">Des responsables politiques isra\u00e9liens sur place<\/h1>\n\n\n\n<p>Le complexe de l\u2019agence \u00e0 J\u00e9rusalem-Est, partie de la ville annex\u00e9e par Isra\u00ebl en 1967, n\u2019est plus occup\u00e9 par les salari\u00e9s depuis un an, apr\u00e8s l\u2019interdiction de ses activit\u00e9s par Isra\u00ebl, entr\u00e9e en vigueur le 30 janvier 2025. Du fait de l\u2019annexion de J\u00e9rusalem-Est par Isra\u00ebl, jug\u00e9e ill\u00e9gale par l\u2019ONU, cette interdiction s\u2019y applique.<\/p>\n\n\n\n<p>Des forces isra\u00e9liennes ont \u00ab pris d\u2019assaut \u00bb le complexe peu apr\u00e8s 7 heures (5 heures GMT) a dit le porte-parole de l\u2019Unrwa, Jonathan Fowler, pr\u00e9cisant qu\u2019elles avaient forc\u00e9 les gardes de s\u00e9curit\u00e9 \u00e0 quitter le site, puis que des bulldozers \u00e9taient entr\u00e9s et avaient commenc\u00e9 \u00e0 d\u00e9molir les b\u00e2timents<\/p>\n\n\n\n<p>Des engins de chantier ont d\u00e9moli au moins un b\u00e2timent du complexe, au-dessus duquel flotte un drapeau isra\u00e9lien, a constat\u00e9 le photographe de l\u2019AFP, qui a \u00e9galement vu des responsables politiques isra\u00e9liens sur place.<\/p>\n","protected":false},"excerpt":{"rendered":"<p>AFP L&rsquo;agence des Nations unies pour les r\u00e9fugi\u00e9s palestiniens (Unrwa) a d\u00e9nonc\u00e9 mardi une \u00ab\u00a0attaque sans pr\u00e9c\u00e9dent\u00a0\u00bb apr\u00e8s la d\u00e9molition par Isra\u00ebl de b\u00e2timents de son si\u00e8ge de J\u00e9rusalem-Est. AFP\/Ilia Yefimovich\u00a9&nbsp;ILIA YEFIMOVICH Des bulldozers isra\u00e9liens ont commenc\u00e9 \u00e0 d\u00e9molir mardi des b\u00e2timents dans l\u2019enceinte du&nbsp;si\u00e8ge de l\u2019agence des Nations unies pour les r\u00e9fugi\u00e9s palestiniens&nbsp;(Unrwa) \u00e0 [&hellip;]<\/p>\n","protected":false},"author":5,"featured_media":223,"comment_status":"open","ping_status":"open","sticky":false,"template":"","format":"standard","meta":{"footnotes":""},"categories":[4,39,37,23],"tags":[],"class_list":["post-222","post","type-post","status-publish","format-standard","has-post-thumbnail","hentry","category-israel","category-jerusalem","category-o-n-u","category-unrwa"],"_links":{"self":[{"href":"https:\/\/www.palestine45.fr\/wordpress\/index.php?rest_route=\/wp\/v2\/posts\/222","targetHints":{"allow":["GET"]}}],"collection":[{"href":"https:\/\/www.palestine45.fr\/wordpress\/index.php?rest_route=\/wp\/v2\/posts"}],"about":[{"href":"https:\/\/www.palestine45.fr\/wordpress\/index.php?rest_route=\/wp\/v2\/types\/post"}],"author":[{"embeddable":true,"href":"https:\/\/www.palestine45.fr\/wordpress\/index.php?rest_route=\/wp\/v2\/users\/5"}],"replies":[{"embeddable":true,"href":"https:\/\/www.palestine45.fr\/wordpress\/index.php?rest_route=%2Fwp%2Fv2%2Fcomments&post=222"}],"version-history":[{"count":1,"href":"https:\/\/www.palestine45.fr\/wordpress\/index.php?rest_route=\/wp\/v2\/posts\/222\/revisions"}],"predecessor-version":[{"id":224,"href":"https:\/\/www.palestine45.fr\/wordpress\/index.php?rest_route=\/wp\/v2\/posts\/222\/revisions\/224"}],"wp:featuredmedia":[{"embeddable":true,"href":"https:\/\/www.palestine45.fr\/wordpress\/index.php?rest_route=\/wp\/v2\/media\/223"}],"wp:attachment":[{"href":"https:\/\/www.palestine45.fr\/wordpress\/index.php?rest_route=%2Fwp%2Fv2%2Fmedia&parent=222"}],"wp:term":[{"taxonomy":"category","embeddable":true,"href":"https:\/\/www.palestine45.fr\/wordpress\/index.php?rest_route=%2Fwp%2Fv2%2Fcategories&post=222"},{"taxonomy":"post_tag","embeddable":true,"href":"https:\/\/www.palestine45.fr\/wordpress\/index.php?rest_route=%2Fwp%2Fv2%2Ftags&post=222"}],"curies":[{"name":"wp","href":"https:\/\/api.w.org\/{rel}","templated":true}]}}