{"id":368,"date":"2026-02-24T10:16:37","date_gmt":"2026-02-24T10:16:37","guid":{"rendered":"https:\/\/www.palestine45.fr\/wordpress\/?p=368"},"modified":"2026-02-24T10:16:37","modified_gmt":"2026-02-24T10:16:37","slug":"augmentation-des-attaques-israeliennes-au-liban","status":"publish","type":"post","link":"https:\/\/www.palestine45.fr\/wordpress\/?p=368","title":{"rendered":"Augmentation des attaques isra\u00e9liennes au Liban\u00a0!"},"content":{"rendered":"\n<p>Le bilan des quinze mois de cessez-le-feu au Liban t\u00e9moigne d&rsquo;une intensification constante de l&rsquo;activit\u00e9 militaire isra\u00e9lienne sur le territoire, en particulier au Sud et dans la B\u00e9kaa. Selon les donn\u00e9es compil\u00e9es par l\u2019organisation ACLED, sp\u00e9cialis\u00e9e dans la collecte de donn\u00e9es et la cartographie des crises, 2 323 attaques isra\u00e9liennes ont \u00e9t\u00e9 r\u00e9pertori\u00e9es depuis le 27 novembre 2024. Le mois de janvier 2026 a d&rsquo;ailleurs enregistr\u00e9 un pic d\u2019activit\u00e9 militaire, le plus \u00e9lev\u00e9 des quinze derniers mois. Et entre le d\u00e9but de la tr\u00eave et le 6 f\u00e9vrier 2026, le bilan humain s&rsquo;\u00e9tablit \u00e0 410 d\u00e9c\u00e8s.<\/p>\n\n\n\n<figure class=\"wp-block-image aligncenter size-full\"><img loading=\"lazy\" decoding=\"async\" width=\"552\" height=\"503\" src=\"https:\/\/www.palestine45.fr\/wordpress\/wp-content\/uploads\/2026\/02\/Liban-02-09-2026.jpg\" alt=\"\" class=\"wp-image-369\" srcset=\"https:\/\/www.palestine45.fr\/wordpress\/wp-content\/uploads\/2026\/02\/Liban-02-09-2026.jpg 552w, https:\/\/www.palestine45.fr\/wordpress\/wp-content\/uploads\/2026\/02\/Liban-02-09-2026-300x273.jpg 300w\" sizes=\"auto, (max-width: 552px) 100vw, 552px\" \/><figcaption class=\"wp-element-caption\">Screenshot<\/figcaption><\/figure>\n\n\n\n<p>Salma Eissa, responsable de la recherche pour le Moyen-Orient \u00e0 l\u2019ACLED, analyse dans cette vid\u00e9o les changements structurels des op\u00e9rations isra\u00e9liennes, d\u00e9sormais ax\u00e9es sur des attaques de pr\u00e9cision et des assassinats cibl\u00e9s.<\/p>\n\n\n\n<p>L&rsquo;\u00e9volution de la situation se caract\u00e9rise par une mutation des m\u00e9thodes employ\u00e9es. Outre l&rsquo;intensification des frappes a\u00e9riennes et l&rsquo;usage r\u00e9current de drones, des incidents sp\u00e9cifiques ont \u00e9t\u00e9 document\u00e9s, tels que l&rsquo;enl\u00e8vement d&rsquo;un responsable de la Jamaa islamiya ou le recours \u00e0 l&rsquo;\u00e9pandage de glyphosate au Liban-Sud.<\/p>\n\n\n\n<figure class=\"wp-block-embed is-type-video is-provider-youtube wp-block-embed-youtube wp-embed-aspect-16-9 wp-has-aspect-ratio\"><div class=\"wp-block-embed__wrapper\">\n<iframe loading=\"lazy\" title=\"Au Liban, plus de 2 323 attaques depuis le cessez-le-feu\" width=\"500\" height=\"281\" src=\"https:\/\/www.youtube.com\/embed\/moMwoDhetfY?feature=oembed\" frameborder=\"0\" allow=\"accelerometer; autoplay; clipboard-write; encrypted-media; gyroscope; picture-in-picture; web-share\" referrerpolicy=\"strict-origin-when-cross-origin\" allowfullscreen><\/iframe>\n<\/div><\/figure>\n","protected":false},"excerpt":{"rendered":"<p>Le bilan des quinze mois de cessez-le-feu au Liban t\u00e9moigne d&rsquo;une intensification constante de l&rsquo;activit\u00e9 militaire isra\u00e9lienne sur le territoire, en particulier au Sud et dans la B\u00e9kaa. Selon les donn\u00e9es compil\u00e9es par l\u2019organisation ACLED, sp\u00e9cialis\u00e9e dans la collecte de donn\u00e9es et la cartographie des crises, 2 323 attaques isra\u00e9liennes ont \u00e9t\u00e9 r\u00e9pertori\u00e9es depuis le [&hellip;]<\/p>\n","protected":false},"author":5,"featured_media":369,"comment_status":"open","ping_status":"open","sticky":false,"template":"","format":"standard","meta":{"footnotes":""},"categories":[55,4,54],"tags":[],"class_list":["post-368","post","type-post","status-publish","format-standard","has-post-thumbnail","hentry","category-attaques","category-israel","category-liban"],"_links":{"self":[{"href":"https:\/\/www.palestine45.fr\/wordpress\/index.php?rest_route=\/wp\/v2\/posts\/368","targetHints":{"allow":["GET"]}}],"collection":[{"href":"https:\/\/www.palestine45.fr\/wordpress\/index.php?rest_route=\/wp\/v2\/posts"}],"about":[{"href":"https:\/\/www.palestine45.fr\/wordpress\/index.php?rest_route=\/wp\/v2\/types\/post"}],"author":[{"embeddable":true,"href":"https:\/\/www.palestine45.fr\/wordpress\/index.php?rest_route=\/wp\/v2\/users\/5"}],"replies":[{"embeddable":true,"href":"https:\/\/www.palestine45.fr\/wordpress\/index.php?rest_route=%2Fwp%2Fv2%2Fcomments&post=368"}],"version-history":[{"count":1,"href":"https:\/\/www.palestine45.fr\/wordpress\/index.php?rest_route=\/wp\/v2\/posts\/368\/revisions"}],"predecessor-version":[{"id":370,"href":"https:\/\/www.palestine45.fr\/wordpress\/index.php?rest_route=\/wp\/v2\/posts\/368\/revisions\/370"}],"wp:featuredmedia":[{"embeddable":true,"href":"https:\/\/www.palestine45.fr\/wordpress\/index.php?rest_route=\/wp\/v2\/media\/369"}],"wp:attachment":[{"href":"https:\/\/www.palestine45.fr\/wordpress\/index.php?rest_route=%2Fwp%2Fv2%2Fmedia&parent=368"}],"wp:term":[{"taxonomy":"category","embeddable":true,"href":"https:\/\/www.palestine45.fr\/wordpress\/index.php?rest_route=%2Fwp%2Fv2%2Fcategories&post=368"},{"taxonomy":"post_tag","embeddable":true,"href":"https:\/\/www.palestine45.fr\/wordpress\/index.php?rest_route=%2Fwp%2Fv2%2Ftags&post=368"}],"curies":[{"name":"wp","href":"https:\/\/api.w.org\/{rel}","templated":true}]}}