{"id":382,"date":"2026-03-03T10:03:47","date_gmt":"2026-03-03T10:03:47","guid":{"rendered":"https:\/\/www.palestine45.fr\/wordpress\/?p=382"},"modified":"2026-03-09T13:59:08","modified_gmt":"2026-03-09T13:59:08","slug":"agression-illegale-disrael-et-des-etats-unis-contre-liran-une-escalade-militaire-aux-consequences-regionales-majeures","status":"publish","type":"post","link":"https:\/\/www.palestine45.fr\/wordpress\/?p=382","title":{"rendered":"Agression ill\u00e9gale d\u2019Isra\u00ebl et des \u00c9tats-Unis contre l\u2019Iran\u00a0: une escalade militaire aux cons\u00e9quences r\u00e9gionales majeures"},"content":{"rendered":"\n<p>Depuis samedi 27 f\u00e9vrier, Isra\u00ebl et les \u00c9tats-Unis frappent l\u2019Iran, au risque d\u2019embraser toute la r\u00e9gion. Les morts se comptent d\u00e9j\u00e0 par centaines&nbsp;; une \u00e9cole pour filles a \u00e9t\u00e9 touch\u00e9e \u00e0 Minab, faisant plus d\u2019une centaine de victimes. L\u2019Iran a ripost\u00e9 en ciblant des bases occidentales, notamment am\u00e9ricaine dans le Golfe et des lieux strat\u00e9giques en Isra\u00ebl. La menace d\u2019une guerre r\u00e9gionale s\u2019intensifie.<\/p>\n\n\n\n<p>Alors que Donald Trump pr\u00e9tendait \u00ab&nbsp;n\u00e9gocier&nbsp;\u00bb, son objectif est d\u00e9sormais le renversement de la R\u00e9publique islamique. Ali Khamenei, Guide supr\u00eame depuis 1989, a \u00e9t\u00e9 tu\u00e9 le 28 f\u00e9vrier. Benyamin Netanyahou affirme que l\u2019offensive se poursuivra jusqu\u2019\u00e0 la destruction du r\u00e9gime iranien. Hier Gaza, le Liban et le Venezuela, aujourd\u2019hui l\u2019Iran, demain Cuba&nbsp;? Une violation de plus qui banalise l\u2019id\u00e9e que la force primerait d\u00e9sormais sur le droit, que la puissance et l\u2019arrogance tiendraient lieu de l\u00e9gitimit\u00e9.<\/p>\n\n\n\n<p>Ces frappes constituent une nouvelle \u00e9tape dans l\u2019engrenage militariste qui ravage le Moyen-Orient depuis des d\u00e9cennies. Elles ne rel\u00e8vent ni de la d\u00e9fense du droit ni de la protection des peuples ou de leur libert\u00e9, mais d\u2019une logique de domination en violation flagrante du droit international. L\u2019argument de la \u00ab&nbsp;frappe pr\u00e9ventive&nbsp;\u00bb n\u2019est qu\u2019un pr\u00e9texte \u00e0 une intervention unilat\u00e9rale qui privil\u00e9gie la force sur la diplomatie&nbsp;: aucun \u00c9tat n\u2019a le droit d\u2019en attaquer un autre, quel que soit le pr\u00e9texte avanc\u00e9s. Les \u00ab&nbsp;frappes pr\u00e9ventives&nbsp;\u00bb n\u2019existent pas en droit.<\/p>\n\n\n\n<p>L\u2019Association France Palestine Solidarit\u00e9 ne soutient en rien le r\u00e9gime iranien et r\u00e9affirme sa solidarit\u00e9 avec les peuples d\u2019Iran dans leurs aspirations \u00e0 la libert\u00e9 et \u00e0 la d\u00e9mocratie. Mais de l\u2019Irak \u00e0 la Libye, les interventions occidentales ont surtout sem\u00e9 chaos et souffrances. Les bombes ne seront pas plus lib\u00e9ratrices aujourd\u2019hui qu\u2019hier&nbsp;: c\u2019est au peuple iranien et \u00e0 lui seul que revient d\u2019imposer un changement de r\u00e9gime \u00e0 T\u00e9h\u00e9ran.<\/p>\n\n\n\n<p>Cette agression s\u2019inscrit dans une continuit\u00e9 imp\u00e9rialiste visant \u00e0 maintenir une h\u00e9g\u00e9monie strat\u00e9gique et \u00e9conomique au m\u00e9pris de la souverainet\u00e9 des peuples, alimentant un cycle de violence et le risque d\u2019un embrasement g\u00e9n\u00e9ralis\u00e9. La s\u00e9curit\u00e9 collective ne pourra jamais reposer sur la loi du plus fort, mais sur le respect du droit international et des solutions politiques.<\/p>\n\n\n\n<p>La France aurait d\u00fb prendre ses responsabilit\u00e9s, condamner les agresseurs fussent-ils ses alli\u00e9s, \u0153uvrer pour obtenir l\u2019arr\u00eat imm\u00e9diat de cette offensive guerri\u00e8re et d\u00e9fendre le respect du droit international. Au lieu de cela, elle n\u2019a pas condamn\u00e9 l\u2019intervention isra\u00e9lo-\u00e9tatsunienne, pr\u00e9f\u00e9rant faire porter la responsabilit\u00e9 de la situation aux seules autorit\u00e9s de T\u00e9h\u00e9ran, s\u2019alignant de fait sur Washington et Tel Aviv. Pire encore, dans une d\u00e9claration conjointe avec les dirigeants allemands et britanniques publi\u00e9e dimanche soir, elle se dit constern\u00e9e par la riposte de T\u00e9h\u00e9ran et pr\u00eate \u00e0 des \u00ab&nbsp;actions d\u00e9fensives proportionn\u00e9es&nbsp;\u00bb afin de \u00ab&nbsp;d\u00e9truire \u00e0 la source la capacit\u00e9 de l\u2019Iran \u00e0 tirer des missiles et des drones&nbsp;\u00bb.<\/p>\n\n\n\n<p>Au nom de qui au nom de quoi le gouvernement fran\u00e7ais entraine-t-il notre pays dans ce chaos, alors qu\u2019Isra\u00ebl \u00e9tend depuis quelques heures ses frappes sur le Liban&nbsp;?<\/p>\n\n\n\n<p>Encore une fois, s\u2019exerce le \u00ab&nbsp;deux poids, deux mesures&nbsp;\u00bb dans la condamnation des agressions contre les peuples. Encore une fois, la France s\u2019appr\u00eate \u00e0 cautionner la loi du plus fort sur les ruines du Droit international..<\/p>\n\n\n\n<p>Alors que le g\u00e9nocide se poursuit \u00e0 Gaza, Isra\u00ebl en profite \u00e9videmment pour accentuer ses pressions sur le peuple palestinien&nbsp;: fermeture des acc\u00e8s \u00e0 la bande de Gaza, blocage de l\u2019aide humanitaire, nettoyage ethnique et nouvelles attaques de colons en Cisjordanie. Il est \u00e9vident que l\u2019impunit\u00e9 dont ces derniers disposent pour commettre leurs crimes va se renforcer encore davantage dans un tel contexte.<\/p>\n\n\n\n<p>Notre solidarit\u00e9 avec les peuples de la r\u00e9gion doit \u00eatre totale contre la guerre, l\u2019occupation et la colonisation. Avec les peuples iranien, libanais et palestinien, l\u2019Association France Palestine Solidarit\u00e9 appelle \u00e0 un cessez-le-feu imm\u00e9diat, \u00e0 la fin des agressions militaires et \u00e0 l\u2019ouverture de v\u00e9ritables processus diplomatiques.<\/p>\n\n\n\n<p>La paix ne se construit ni par les bombardements ni par la domination, mais par la justice, la coop\u00e9ration et le respect du droit international.<\/p>\n\n\n\n<p><em>Le Bureau National de l\u2019AFPS,<br>le 2 mars 2026<\/em><\/p>\n","protected":false},"excerpt":{"rendered":"<p>Depuis samedi 27 f\u00e9vrier, Isra\u00ebl et les \u00c9tats-Unis frappent l\u2019Iran, au risque d\u2019embraser toute la r\u00e9gion. Les morts se comptent d\u00e9j\u00e0 par centaines&nbsp;; une \u00e9cole pour filles a \u00e9t\u00e9 touch\u00e9e \u00e0 Minab, faisant plus d\u2019une centaine de victimes. L\u2019Iran a ripost\u00e9 en ciblant des bases occidentales, notamment am\u00e9ricaine dans le Golfe et des lieux strat\u00e9giques [&hellip;]<\/p>\n","protected":false},"author":5,"featured_media":383,"comment_status":"open","ping_status":"open","sticky":false,"template":"","format":"standard","meta":{"footnotes":""},"categories":[55,51,34,27,57,4,26],"tags":[],"class_list":["post-382","post","type-post","status-publish","format-standard","has-post-thumbnail","hentry","category-attaques","category-crime-de-guerre","category-destructions","category-droit-international","category-iran","category-israel","category-usa"],"_links":{"self":[{"href":"https:\/\/www.palestine45.fr\/wordpress\/index.php?rest_route=\/wp\/v2\/posts\/382","targetHints":{"allow":["GET"]}}],"collection":[{"href":"https:\/\/www.palestine45.fr\/wordpress\/index.php?rest_route=\/wp\/v2\/posts"}],"about":[{"href":"https:\/\/www.palestine45.fr\/wordpress\/index.php?rest_route=\/wp\/v2\/types\/post"}],"author":[{"embeddable":true,"href":"https:\/\/www.palestine45.fr\/wordpress\/index.php?rest_route=\/wp\/v2\/users\/5"}],"replies":[{"embeddable":true,"href":"https:\/\/www.palestine45.fr\/wordpress\/index.php?rest_route=%2Fwp%2Fv2%2Fcomments&post=382"}],"version-history":[{"count":1,"href":"https:\/\/www.palestine45.fr\/wordpress\/index.php?rest_route=\/wp\/v2\/posts\/382\/revisions"}],"predecessor-version":[{"id":384,"href":"https:\/\/www.palestine45.fr\/wordpress\/index.php?rest_route=\/wp\/v2\/posts\/382\/revisions\/384"}],"wp:featuredmedia":[{"embeddable":true,"href":"https:\/\/www.palestine45.fr\/wordpress\/index.php?rest_route=\/wp\/v2\/media\/383"}],"wp:attachment":[{"href":"https:\/\/www.palestine45.fr\/wordpress\/index.php?rest_route=%2Fwp%2Fv2%2Fmedia&parent=382"}],"wp:term":[{"taxonomy":"category","embeddable":true,"href":"https:\/\/www.palestine45.fr\/wordpress\/index.php?rest_route=%2Fwp%2Fv2%2Fcategories&post=382"},{"taxonomy":"post_tag","embeddable":true,"href":"https:\/\/www.palestine45.fr\/wordpress\/index.php?rest_route=%2Fwp%2Fv2%2Ftags&post=382"}],"curies":[{"name":"wp","href":"https:\/\/api.w.org\/{rel}","templated":true}]}}