{"id":393,"date":"2026-03-09T14:06:40","date_gmt":"2026-03-09T14:06:40","guid":{"rendered":"https:\/\/www.palestine45.fr\/wordpress\/?p=393"},"modified":"2026-03-09T14:06:40","modified_gmt":"2026-03-09T14:06:40","slug":"attaque-contre-liran-trump-et-netanyahou-sont-prets-a-tout-pour-rester-au-pouvoir","status":"publish","type":"post","link":"https:\/\/www.palestine45.fr\/wordpress\/?p=393","title":{"rendered":"Attaque contre l\u2019Iran : Trump et N\u00e9tanyahou sont pr\u00eats \u00e0 tout pour rester au pouvoir"},"content":{"rendered":"\n<p><\/p>\n\n\n\n<p><img loading=\"lazy\" decoding=\"async\" width=\"600\" height=\"320\" src=\"https:\/\/ujfp.org\/wp-content\/uploads\/2026\/03\/iran-attaque-2026-600x320.webp\" alt=\"iran attaque 2026 Attaque contre l'Iran : Trump et N\u00e9tanyahou sont pr\u00eats \u00e0 tout pour rester au pouvoir\" srcset=\"https:\/\/ujfp.org\/wp-content\/uploads\/2026\/03\/iran-attaque-2026-600x320.webp 600w, https:\/\/ujfp.org\/wp-content\/uploads\/2026\/03\/iran-attaque-2026-800x427.webp 800w, https:\/\/ujfp.org\/wp-content\/uploads\/2026\/03\/iran-attaque-2026-220x117.webp 220w, https:\/\/ujfp.org\/wp-content\/uploads\/2026\/03\/iran-attaque-2026-380x203.webp 380w, https:\/\/ujfp.org\/wp-content\/uploads\/2026\/03\/iran-attaque-2026-130x69.webp 130w, https:\/\/ujfp.org\/wp-content\/uploads\/2026\/03\/iran-attaque-2026-300x160.webp 300w, https:\/\/ujfp.org\/wp-content\/uploads\/2026\/03\/iran-attaque-2026-170x91.webp 170w, https:\/\/ujfp.org\/wp-content\/uploads\/2026\/03\/iran-attaque-2026-scaled.webp 700w\"> Photo : Des bombardements intenses des \u00c9tats-Unis et d\u2019Isra\u00ebl ont cibl\u00e9 plusieurs endroits \u00e0 T\u00e9h\u00e9ran, 1er mars 2026 \u00a9 Quds News Network<\/p>\n\n\n\n<p><a href=\"https:\/\/twitter.com\/intent\/tweet?url=https:\/\/ujfp.org\/attaque-contre-liran-trump-et-netanyahou-sont-prets-a-tout-pour-rester-au-pouvoir\/&amp;text=Attaque contre l\u2019Iran : Trump et N\u00e9tanyahou sont pr\u00eats \u00e0 tout pour rester au pouvoir&amp;via=contactujfp\"><\/a><a href=\"http:\/\/www.facebook.com\/sharer.php?u=https:\/\/ujfp.org\/attaque-contre-liran-trump-et-netanyahou-sont-prets-a-tout-pour-rester-au-pouvoir\/&amp;t=Attaque contre l\u2019Iran : Trump et N\u00e9tanyahou sont pr\u00eats \u00e0 tout pour rester au pouvoir\"> <\/a><a href=\"http:\/\/www.instagram.com\/sharer.php?u=https:\/\/ujfp.org\/attaque-contre-liran-trump-et-netanyahou-sont-prets-a-tout-pour-rester-au-pouvoir\/&amp;t=Attaque contre l\u2019Iran : Trump et N\u00e9tanyahou sont pr\u00eats \u00e0 tout pour rester au pouvoir\"><\/a><a target=\"_blank\" href=\"mailto:?subject=Attaque contre l\u2019Iran : Trump et N\u00e9tanyahou sont pr\u00eats \u00e0 tout pour rester au pouvoir&amp;body=https:\/\/ujfp.org\/attaque-contre-liran-trump-et-netanyahou-sont-prets-a-tout-pour-rester-au-pouvoir\/\" rel=\"noreferrer noopener\"><\/a><a href=\"javascript:window.print()\"><\/a><\/p>\n\n\n\n<p>Jusqu\u2019au 27 f\u00e9vrier, les \u00c9tats-Unis n\u00e9gociaient avec le r\u00e9gime iranien sur la question du nucl\u00e9aire. C\u2019\u00e9tait un leurre. Tout indique que l\u2019attaque du 28 f\u00e9vrier \u00e9tait en fait pr\u00e9m\u00e9dit\u00e9e de longue date. Trump se moque du droit international et de la diplomatie. C\u2019est un pr\u00e9dateur qui ne conna\u00eet que la force et le profit. Lors du sommet de Charm el-Cheikh, il avait pr\u00e9venu qu\u2019il souhaitait que le Moyen-Orient entre \u00ab&nbsp;dans une nouvelle \u00e8re&nbsp;\u00bb.<\/p>\n\n\n\n<p>Un g\u00e9nocide d\u2019une ampleur inou\u00efe se d\u00e9roule \u00e0 Gaza, dont le nombre de victimes va bien au-del\u00e0 des chiffres officiels. En Cisjordanie, le rouleau compresseur colonial montre clairement le but des Isra\u00e9liens : expulser un maximum de Palestiniens et confisquer un maximum de terre. Un des buts de cette attaque est de d\u00e9tourner l\u2019attention.<\/p>\n\n\n\n<p>Les dirigeants isra\u00e9liens ont toujours eu int\u00e9r\u00eat \u00e0 internationaliser la guerre et \u00e0 \u00ab neutraliser \u00bb les pays voisins. Avec l\u2019appui des \u00c9tats-Unis, ils ont attaqu\u00e9 le Liban, le Y\u00e9men, le Qatar et ils ont contribu\u00e9 au changement de r\u00e9gime en Syrie<strong>, <\/strong>tout en encourageant la fragmentation confessionnelle du pays. Les deux agresseurs veulent \u00e0 pr\u00e9sent un contr\u00f4le total du Proche-Orient et de ses ressources, notamment p\u00e9troli\u00e8res. L\u2019appui de plusieurs \u00c9tats de l\u2019Union europ\u00e9enne, \u2014\u00e0 l\u2019exception notable de l\u2019Espagne,\u2014 \u00e0 cette attaque confirme la complicit\u00e9 observ\u00e9e avec le gouvernement g\u00e9nocidaire isra\u00e9lien.<\/p>\n\n\n\n<p>La R\u00e9publique Islamique d\u2019Iran n\u2019a pas h\u00e9sit\u00e9 \u00e0 r\u00e9primer avec f\u00e9rocit\u00e9 sa population. Les femmes sont cibl\u00e9es en premi\u00e8re ligne, les morts se comptent sans doute par dizaines de milliers, et les ex\u00e9cutions capitales sont incessantes. Mais l\u2019id\u00e9e que l\u2019attaque isra\u00e9lo-am\u00e9ricaine am\u00e8nerait &nbsp;la d\u00e9mocratie est aussi inique &nbsp;que celle qui l\u2019annon\u00e7ait pour l\u2019Afghanistan, l\u2019Irak ou la Libye il y a plus de 15 ans : l\u2019attaque contre l\u2019Irak de Saddam Husse\u00efn, d\u00e9j\u00e0 justifi\u00e9e par le mensonge grossier des \u00ab armes de destruction massive&nbsp;\u00bb a&nbsp; morcel\u00e9 le pays, achev\u00e9 la \u201c<a href=\"https:\/\/www.france.tv\/france-5\/irak-destruction-d-une-nation\/#about-section\" target=\"_blank\" rel=\"noreferrer noopener\">destruction d\u2019une nation<\/a>\u201d, provoqu\u00e9 des centaines de milliers de morts tout en d\u00e9stabilisant toute la r\u00e9gion, conduisant \u00e0 l\u2019\u00e9mergence de Daesh. Idem pour l\u2019attaque anglo-fran\u00e7aise contre la Libye de Kadhafi, ou celle \u00e0 l\u2019encontre du Y\u00e9men d\u00e8s 2015. La campagne occidentale visant <a href=\"https:\/\/orientxxi.info\/L-Iran-meilleur-ennemi-d-Israel\" target=\"_blank\" rel=\"noreferrer noopener\">\u00e0 pr\u00e9senter le fils de l\u2019ex-Shah comme une alternative<\/a> montre que les m\u00eames processus sont d\u00e9sormais \u00e0 l\u2019\u0153uvre en Iran.<\/p>\n\n\n\n<p>Avant cette agression, N\u00e9tanyahou et Trump \u00e9taient donn\u00e9s perdants dans les \u00e9lections \u00e0 venir. Sans illusion sur ceux qui pourraient gagner ces \u00e9lections. La strat\u00e9gie de d\u00e9clencher des guerres pour rester au pouvoir est classique. Elle laisse pr\u00e9voir le pire.<\/p>\n\n\n\n<p>Les m\u00eames m\u00e9dias occidentaux qui ont essay\u00e9 d\u2019imposer la parole des g\u00e9nocidaires \u00e0 Gaza vendent aujourd\u2019hui l\u2019id\u00e9e que le peuple iranien appuie l\u2019attaque. Et ces m\u00eames m\u00e9dias attribuent la responsabilit\u00e9 de la destruction d\u2019une \u00e9cole (<a href=\"https:\/\/news.un.org\/fr\/story\/2026\/03\/1158489\" target=\"_blank\" rel=\"noreferrer noopener\">ayant provoqu\u00e9 la mort de plus de 150 personnes dont de nombreux \u00e9coliers<\/a>)&nbsp;au r\u00e9gime exactement comme ils consid\u00e9raient le Hamas comme responsable des attaques sur Gaza.<\/p>\n\n\n\n<p>Les dominants du monde capitaliste nous m\u00e8nent \u00e0 la guerre partout : un jour au V\u00e9n\u00e9zuela, un jour en Iran, un jour \u00e0 Cuba. Demain o\u00f9 ?<\/p>\n\n\n\n<p>La seule limite \u00e0 leurs app\u00e9tits sera la d\u00e9termination des peuples du monde \u00e0 les arr\u00eater.<\/p>\n\n\n\n<p>La Coordination nationale de l\u2019UJFP le 3 mars 2026<\/p>\n","protected":false},"excerpt":{"rendered":"<p>Photo : Des bombardements intenses des \u00c9tats-Unis et d\u2019Isra\u00ebl ont cibl\u00e9 plusieurs endroits \u00e0 T\u00e9h\u00e9ran, 1er mars 2026 \u00a9 Quds News Network Jusqu\u2019au 27 f\u00e9vrier, les \u00c9tats-Unis n\u00e9gociaient avec le r\u00e9gime iranien sur la question du nucl\u00e9aire. C\u2019\u00e9tait un leurre. Tout indique que l\u2019attaque du 28 f\u00e9vrier \u00e9tait en fait pr\u00e9m\u00e9dit\u00e9e de longue date. Trump [&hellip;]<\/p>\n","protected":false},"author":5,"featured_media":0,"comment_status":"open","ping_status":"open","sticky":false,"template":"","format":"standard","meta":{"footnotes":""},"categories":[55,51,34,27,57,4,26],"tags":[],"class_list":["post-393","post","type-post","status-publish","format-standard","hentry","category-attaques","category-crime-de-guerre","category-destructions","category-droit-international","category-iran","category-israel","category-usa"],"_links":{"self":[{"href":"https:\/\/www.palestine45.fr\/wordpress\/index.php?rest_route=\/wp\/v2\/posts\/393","targetHints":{"allow":["GET"]}}],"collection":[{"href":"https:\/\/www.palestine45.fr\/wordpress\/index.php?rest_route=\/wp\/v2\/posts"}],"about":[{"href":"https:\/\/www.palestine45.fr\/wordpress\/index.php?rest_route=\/wp\/v2\/types\/post"}],"author":[{"embeddable":true,"href":"https:\/\/www.palestine45.fr\/wordpress\/index.php?rest_route=\/wp\/v2\/users\/5"}],"replies":[{"embeddable":true,"href":"https:\/\/www.palestine45.fr\/wordpress\/index.php?rest_route=%2Fwp%2Fv2%2Fcomments&post=393"}],"version-history":[{"count":1,"href":"https:\/\/www.palestine45.fr\/wordpress\/index.php?rest_route=\/wp\/v2\/posts\/393\/revisions"}],"predecessor-version":[{"id":394,"href":"https:\/\/www.palestine45.fr\/wordpress\/index.php?rest_route=\/wp\/v2\/posts\/393\/revisions\/394"}],"wp:attachment":[{"href":"https:\/\/www.palestine45.fr\/wordpress\/index.php?rest_route=%2Fwp%2Fv2%2Fmedia&parent=393"}],"wp:term":[{"taxonomy":"category","embeddable":true,"href":"https:\/\/www.palestine45.fr\/wordpress\/index.php?rest_route=%2Fwp%2Fv2%2Fcategories&post=393"},{"taxonomy":"post_tag","embeddable":true,"href":"https:\/\/www.palestine45.fr\/wordpress\/index.php?rest_route=%2Fwp%2Fv2%2Ftags&post=393"}],"curies":[{"name":"wp","href":"https:\/\/api.w.org\/{rel}","templated":true}]}}