{"id":395,"date":"2026-03-09T14:29:55","date_gmt":"2026-03-09T14:29:55","guid":{"rendered":"https:\/\/www.palestine45.fr\/wordpress\/?p=395"},"modified":"2026-03-09T14:29:55","modified_gmt":"2026-03-09T14:29:55","slug":"tunisie-arrestation-de-wael-naouar-et-jawaher-channa-membres-de-la-flottille-soumoud","status":"publish","type":"post","link":"https:\/\/www.palestine45.fr\/wordpress\/?p=395","title":{"rendered":"Tunisie : Arrestation de Wael Naouar et Jawaher Channa, membres de la flottille Soumoud"},"content":{"rendered":"\n<p>par <a href=\"https:\/\/www.webdo.tn\/fr\/actualite\/author\/mohamed-fethi\/\">Mohamed Fethi<\/a><\/p>\n\n\n\n<figure class=\"wp-block-image\"><img decoding=\"async\" src=\"https:\/\/www.webdo.tn\/fr\/wp-content\/uploads\/2026\/03\/Wael-Naouar-Jawaher-Channa-750x375.jpg\" alt=\"Tunisie : Arrestation de Wael Naouar et Jawaher Channa, membres de la flottille Soumoud\"\/><\/figure>\n\n\n\n<p><a href=\"https:\/\/www.facebook.com\/sharer\/sharer.php?u=https%3A%2F%2Fwww.webdo.tn%2Ffr%2Factualite%2Fnational%2Ftunisie-arrestation-de-wael-naouar-et-jawaher-channa-membres-de-la-flottille-soumoud%2F394205%2F\" rel=\"noreferrer noopener\" target=\"_blank\"><\/a><a href=\"https:\/\/twitter.com\/intent\/tweet?text=Tunisie%20%3A%20Arrestation%20de%20Wael%20Naouar%20et%20Jawaher%20Channa%2C%20membres%20de%20la%20flottille%20Soumoud&amp;url=https%3A%2F%2Fwww.webdo.tn%2Ffr%2Factualite%2Fnational%2Ftunisie-arrestation-de-wael-naouar-et-jawaher-channa-membres-de-la-flottille-soumoud%2F394205%2F\" rel=\"noreferrer noopener\" target=\"_blank\"><\/a><a href=\"https:\/\/api.whatsapp.com\/send?text=Tunisie%20%3A%20Arrestation%20de%20Wael%20Naouar%20et%20Jawaher%20Channa%2C%20membres%20de%20la%20flottille%20Soumoud%20https%3A%2F%2Fwww.webdo.tn%2Ffr%2Factualite%2Fnational%2Ftunisie-arrestation-de-wael-naouar-et-jawaher-channa-membres-de-la-flottille-soumoud%2F394205%2F\" rel=\"noreferrer noopener\" target=\"_blank\"><\/a><a href=\"https:\/\/www.linkedin.com\/sharing\/share-offsite\/?url=https%3A%2F%2Fwww.webdo.tn%2Ffr%2Factualite%2Fnational%2Ftunisie-arrestation-de-wael-naouar-et-jawaher-channa-membres-de-la-flottille-soumoud%2F394205%2F\" rel=\"noreferrer noopener\" target=\"_blank\"><\/a><\/p>\n\n\n\n<p><strong>Les militants tunisiens Wael Naouar et Jawaher Channa ont \u00e9t\u00e9 arr\u00eat\u00e9s, selon une information relay\u00e9e par l\u2019organisation \u00ab La Flottille Soumoud \u00bb. Leur interpellation intervient dans le contexte de l\u2019organisation de la flottille \u00ab Soumoud \u00bb, une initiative destin\u00e9e \u00e0 soutenir la population de Gaza. Les responsables du projet d\u00e9noncent des pressions visant les militants impliqu\u00e9s dans cette action.<\/strong><\/p>\n\n\n\n<p>Actualit\u00e9s internationales<\/p>\n\n\n\n<h2 class=\"wp-block-heading\" id=\"h-des-arrestations-denoncees-par-les-organisateurs\">Des arrestations d\u00e9nonc\u00e9es par les organisateurs<\/h2>\n\n\n\n<p>D\u2019apr\u00e8s l\u2019organisation \u00ab La Flottille Soumoud \u00bb, les deux militants ont \u00e9t\u00e9 interpell\u00e9s alors qu\u2019ils participaient aux pr\u00e9paratifs li\u00e9s \u00e0 cette initiative. Les circonstances exactes de leur arrestation n\u2019ont pas \u00e9t\u00e9 d\u00e9taill\u00e9es.<\/p>\n\n\n\n<blockquote class=\"wp-block-quote is-layout-flow wp-block-quote-is-layout-flow\"><\/blockquote>\n\n\n\n<p>Dans un communiqu\u00e9, les organisateurs affirment que ces interpellations s\u2019inscrivent dans un climat de pressions et d\u2019intimidations visant les militants engag\u00e9s dans ce projet de solidarit\u00e9 avec le peuple palestinien.<\/p>\n\n\n\n<h2 class=\"wp-block-heading\" id=\"h-une-mobilisation-autour-de-la-flottille\">Une mobilisation autour de la flottille<\/h2>\n\n\n\n<p>Les responsables de l\u2019initiative indiquent que plusieurs militants et volontaires tunisiens participent \u00e0 la pr\u00e9paration de cette action. Les arrestations surviennent dans un contexte de forte mobilisation en Tunisie en faveur de la cause palestinienne, marqu\u00e9 par des rassemblements, des campagnes de solidarit\u00e9 et diverses initiatives militantes.<\/p>\n\n\n\n<blockquote class=\"wp-block-quote is-layout-flow wp-block-quote-is-layout-flow\">\n<blockquote class=\"wp-block-quote is-layout-flow wp-block-quote-is-layout-flow\"><\/blockquote>\n<\/blockquote>\n\n\n\n<p>Les organisateurs de la flottille \u00ab Soumoud \u00bb appellent \u00e0 la lib\u00e9ration des militants interpell\u00e9s et d\u00e9noncent ce qu\u2019ils consid\u00e8rent comme des tentatives de freiner leur initiative.<\/p>\n","protected":false},"excerpt":{"rendered":"<p>par Mohamed Fethi Les militants tunisiens Wael Naouar et Jawaher Channa ont \u00e9t\u00e9 arr\u00eat\u00e9s, selon une information relay\u00e9e par l\u2019organisation \u00ab La Flottille Soumoud \u00bb. Leur interpellation intervient dans le contexte de l\u2019organisation de la flottille \u00ab Soumoud \u00bb, une initiative destin\u00e9e \u00e0 soutenir la population de Gaza. Les responsables du projet d\u00e9noncent des pressions [&hellip;]<\/p>\n","protected":false},"author":5,"featured_media":396,"comment_status":"open","ping_status":"open","sticky":false,"template":"","format":"standard","meta":{"footnotes":""},"categories":[58,7,18,59],"tags":[],"class_list":["post-395","post","type-post","status-publish","format-standard","has-post-thumbnail","hentry","category-flotille","category-gaza","category-repression","category-tunisie"],"_links":{"self":[{"href":"https:\/\/www.palestine45.fr\/wordpress\/index.php?rest_route=\/wp\/v2\/posts\/395","targetHints":{"allow":["GET"]}}],"collection":[{"href":"https:\/\/www.palestine45.fr\/wordpress\/index.php?rest_route=\/wp\/v2\/posts"}],"about":[{"href":"https:\/\/www.palestine45.fr\/wordpress\/index.php?rest_route=\/wp\/v2\/types\/post"}],"author":[{"embeddable":true,"href":"https:\/\/www.palestine45.fr\/wordpress\/index.php?rest_route=\/wp\/v2\/users\/5"}],"replies":[{"embeddable":true,"href":"https:\/\/www.palestine45.fr\/wordpress\/index.php?rest_route=%2Fwp%2Fv2%2Fcomments&post=395"}],"version-history":[{"count":1,"href":"https:\/\/www.palestine45.fr\/wordpress\/index.php?rest_route=\/wp\/v2\/posts\/395\/revisions"}],"predecessor-version":[{"id":397,"href":"https:\/\/www.palestine45.fr\/wordpress\/index.php?rest_route=\/wp\/v2\/posts\/395\/revisions\/397"}],"wp:featuredmedia":[{"embeddable":true,"href":"https:\/\/www.palestine45.fr\/wordpress\/index.php?rest_route=\/wp\/v2\/media\/396"}],"wp:attachment":[{"href":"https:\/\/www.palestine45.fr\/wordpress\/index.php?rest_route=%2Fwp%2Fv2%2Fmedia&parent=395"}],"wp:term":[{"taxonomy":"category","embeddable":true,"href":"https:\/\/www.palestine45.fr\/wordpress\/index.php?rest_route=%2Fwp%2Fv2%2Fcategories&post=395"},{"taxonomy":"post_tag","embeddable":true,"href":"https:\/\/www.palestine45.fr\/wordpress\/index.php?rest_route=%2Fwp%2Fv2%2Ftags&post=395"}],"curies":[{"name":"wp","href":"https:\/\/api.w.org\/{rel}","templated":true}]}}