{"id":404,"date":"2026-03-11T08:47:54","date_gmt":"2026-03-11T08:47:54","guid":{"rendered":"https:\/\/www.palestine45.fr\/wordpress\/?p=404"},"modified":"2026-03-11T08:47:54","modified_gmt":"2026-03-11T08:47:54","slug":"agression-israelienne-meurtriere-contre-le-liban-la-politique-de-la-terreur","status":"publish","type":"post","link":"https:\/\/www.palestine45.fr\/wordpress\/?p=404","title":{"rendered":"Agression isra\u00e9lienne meurtri\u00e8re contre le Liban : la politique de la terreur"},"content":{"rendered":"\n<p>L\u2019impunit\u00e9, dont ont b\u00e9n\u00e9fici\u00e9 et continuent de b\u00e9n\u00e9ficier les dirigeants isra\u00e9liens en perp\u00e9trant un g\u00e9nocide \u00e0 Gaza, a supprim\u00e9 toutes les limites imaginables.<\/p>\n\n\n\n<p>L\u2019ambassadeur \u00e9tats-unien en Isra\u00ebl, Mike Huckabee, a d\u00e9clar\u00e9 qu\u2019Isra\u00ebl \u00e9tait en droit de nourrir ses pr\u00e9tentions sur une grande partie du Proche-Orient en vertu d\u2019un verset biblique.<\/p>\n\n\n\n<figure class=\"wp-block-image size-full\"><img loading=\"lazy\" decoding=\"async\" width=\"586\" height=\"736\" src=\"https:\/\/www.palestine45.fr\/wordpress\/wp-content\/uploads\/2026\/03\/03-05-2026-Liban-attaque.png\" alt=\"\" class=\"wp-image-405\" srcset=\"https:\/\/www.palestine45.fr\/wordpress\/wp-content\/uploads\/2026\/03\/03-05-2026-Liban-attaque.png 586w, https:\/\/www.palestine45.fr\/wordpress\/wp-content\/uploads\/2026\/03\/03-05-2026-Liban-attaque-239x300.png 239w\" sizes=\"auto, (max-width: 586px) 100vw, 586px\" \/><\/figure>\n\n\n\n<p>Dans le cadre d\u2019une guerre g\u00e9n\u00e9ralis\u00e9e, d\u00e9cid\u00e9e conjointement par Isra\u00ebl et les \u00c9tats-Unis, qui frappe l\u2019Iran et tous les pays de la r\u00e9gion, Isra\u00ebl envahit \u00e0 nouveau le Liban.<\/p>\n\n\n\n<p>Comme en Iran, la population civile paie le plus grand prix pour cette invasion. Isra\u00ebl demande l\u2019\u00e9vacuation de 700 000 Libanais.es. Des villages sont ras\u00e9s. Beyrouth est bombard\u00e9e, les mort.es se comptent par centaines.<\/p>\n\n\n\n<p>Le Liban est le pays o\u00f9 beaucoup de Palestinien.nes, victimes d\u2019un nettoyage ethnique pr\u00e9m\u00e9dit\u00e9, ont trouv\u00e9 refuge en 1948. Il a subi les invasions isra\u00e9liennes de 1978 et 1982 avec les massacres de Sabra et Chatila.&nbsp;La prison de Khiam est devenue un centre de torture. Le Sud-Liban a subi 22 ann\u00e9es d\u2019une occupation brutale et pr\u00e9datrice. L\u2019\u00e9conomie locale a \u00e9t\u00e9 d\u00e9truite et les ressources en eau pill\u00e9es.<\/p>\n\n\n\n<p>En 2000, l\u2019arm\u00e9e isra\u00e9lienne a \u00e9t\u00e9 contrainte de quitter le Sud-Liban. L\u2019implantation du Hezbollah provient de la victoire militaire qu\u2019il a remport\u00e9e \u00e0 cette \u00e9poque et de son int\u00e9gration dans le syst\u00e8me politique et parlementaire libanais.<\/p>\n\n\n\n<p>Pensant disposer d\u2019une sup\u00e9riorit\u00e9 militaire totale, lorgnant sur une r\u00e9gion qu\u2019elle n\u2019a pas r\u00e9ussi \u00e0 reconqu\u00e9rir en 2006 malgr\u00e9 sa puissance de feu (1200 mort.es dont 500 enfants en 33 jours), l\u2019arm\u00e9e isra\u00e9lienne applique \u00e0 pr\u00e9sent au Liban ce qu\u2019elle fait impun\u00e9ment \u00e0 Gaza : des bombardements massifs assist\u00e9s par l\u2019intelligence artificielle o\u00f9 l\u2019on rase tout, des d\u00e9placements forc\u00e9s de groupes entiers de la population, une invasion terrestre et des assassinats sans jugements.<\/p>\n\n\n\n<p>La France est l\u2019ancienne puissance coloniale. Elle s\u2019est empar\u00e9e du Liban il y a un si\u00e8cle gr\u00e2ce aux accords Sykes-Picot. Elle est \u00e0 l\u2019origine de la constitution confessionnelle du Liban qui a contribu\u00e9 \u00e0 sa fragmentation.<\/p>\n\n\n\n<p>Son gouvernement soutient de fait l\u2019agresseur. Les d\u00e9clarations de Jean-Michel Barrot attribuant l\u2019unique responsabilit\u00e9 de ce qui se passe au Hezbollah et r\u00e9affirmant qu\u2019<em>\u00ab Isra\u00ebl a le droit de se d\u00e9fendre \u00bb<\/em>&nbsp;sont une honte. Accompagner Trump et N\u00e9tanyahou dans leur volont\u00e9 de dominer sans partage tous les peuples de la r\u00e9gion, de tuer sans limite, de renverser les r\u00e9gimes qui ne sont pas leurs complices et de s\u2019emparer de toutes les richesses, n\u2019est pas seulement immoral. Cette destruction de toute forme de droit pr\u00e9pare une guerre sans fin \u00e0 l\u2019\u00e9chelle du monde.<\/p>\n\n\n\n<p>L\u2019UJFP appelle \u00e0 la plus large union pour exiger l\u2019arr\u00eat des agressions contre le Liban, l\u2019Iran et la Palestine. N\u00e9tanyahou et Trump sont des fascistes. Il faut les arr\u00eater.<\/p>\n\n\n\n<p>La Coordination nationale de l\u2019UJFP, le 10 mars 2026<\/p>\n","protected":false},"excerpt":{"rendered":"<p>L\u2019impunit\u00e9, dont ont b\u00e9n\u00e9fici\u00e9 et continuent de b\u00e9n\u00e9ficier les dirigeants isra\u00e9liens en perp\u00e9trant un g\u00e9nocide \u00e0 Gaza, a supprim\u00e9 toutes les limites imaginables. L\u2019ambassadeur \u00e9tats-unien en Isra\u00ebl, Mike Huckabee, a d\u00e9clar\u00e9 qu\u2019Isra\u00ebl \u00e9tait en droit de nourrir ses pr\u00e9tentions sur une grande partie du Proche-Orient en vertu d\u2019un verset biblique. Dans le cadre d\u2019une guerre [&hellip;]<\/p>\n","protected":false},"author":5,"featured_media":405,"comment_status":"open","ping_status":"open","sticky":false,"template":"","format":"standard","meta":{"footnotes":""},"categories":[55,4,54],"tags":[],"class_list":["post-404","post","type-post","status-publish","format-standard","has-post-thumbnail","hentry","category-attaques","category-israel","category-liban"],"_links":{"self":[{"href":"https:\/\/www.palestine45.fr\/wordpress\/index.php?rest_route=\/wp\/v2\/posts\/404","targetHints":{"allow":["GET"]}}],"collection":[{"href":"https:\/\/www.palestine45.fr\/wordpress\/index.php?rest_route=\/wp\/v2\/posts"}],"about":[{"href":"https:\/\/www.palestine45.fr\/wordpress\/index.php?rest_route=\/wp\/v2\/types\/post"}],"author":[{"embeddable":true,"href":"https:\/\/www.palestine45.fr\/wordpress\/index.php?rest_route=\/wp\/v2\/users\/5"}],"replies":[{"embeddable":true,"href":"https:\/\/www.palestine45.fr\/wordpress\/index.php?rest_route=%2Fwp%2Fv2%2Fcomments&post=404"}],"version-history":[{"count":1,"href":"https:\/\/www.palestine45.fr\/wordpress\/index.php?rest_route=\/wp\/v2\/posts\/404\/revisions"}],"predecessor-version":[{"id":406,"href":"https:\/\/www.palestine45.fr\/wordpress\/index.php?rest_route=\/wp\/v2\/posts\/404\/revisions\/406"}],"wp:featuredmedia":[{"embeddable":true,"href":"https:\/\/www.palestine45.fr\/wordpress\/index.php?rest_route=\/wp\/v2\/media\/405"}],"wp:attachment":[{"href":"https:\/\/www.palestine45.fr\/wordpress\/index.php?rest_route=%2Fwp%2Fv2%2Fmedia&parent=404"}],"wp:term":[{"taxonomy":"category","embeddable":true,"href":"https:\/\/www.palestine45.fr\/wordpress\/index.php?rest_route=%2Fwp%2Fv2%2Fcategories&post=404"},{"taxonomy":"post_tag","embeddable":true,"href":"https:\/\/www.palestine45.fr\/wordpress\/index.php?rest_route=%2Fwp%2Fv2%2Ftags&post=404"}],"curies":[{"name":"wp","href":"https:\/\/api.w.org\/{rel}","templated":true}]}}