{"id":410,"date":"2026-03-13T09:42:46","date_gmt":"2026-03-13T09:42:46","guid":{"rendered":"https:\/\/www.palestine45.fr\/wordpress\/?p=410"},"modified":"2026-03-15T15:22:58","modified_gmt":"2026-03-15T15:22:58","slug":"manifestation-solidarite-avec-la-palestine-a-orleans-samedi-14-mars-15h-place-de-gaulle","status":"publish","type":"post","link":"https:\/\/www.palestine45.fr\/wordpress\/?p=410","title":{"rendered":"Manifestation Solidarit\u00e9 avec la Palestine \u00e0 Orl\u00e9ans samedi 14 mars 15h Place de Gaulle"},"content":{"rendered":"\n<figure class=\"wp-block-image size-large\"><img loading=\"lazy\" decoding=\"async\" width=\"883\" height=\"1024\" src=\"https:\/\/www.palestine45.fr\/wordpress\/wp-content\/uploads\/2026\/03\/Visuel-03-14-2026-883x1024.jpg\" alt=\"\" class=\"wp-image-411\" srcset=\"https:\/\/www.palestine45.fr\/wordpress\/wp-content\/uploads\/2026\/03\/Visuel-03-14-2026-883x1024.jpg 883w, https:\/\/www.palestine45.fr\/wordpress\/wp-content\/uploads\/2026\/03\/Visuel-03-14-2026-259x300.jpg 259w, https:\/\/www.palestine45.fr\/wordpress\/wp-content\/uploads\/2026\/03\/Visuel-03-14-2026-768x891.jpg 768w, https:\/\/www.palestine45.fr\/wordpress\/wp-content\/uploads\/2026\/03\/Visuel-03-14-2026.jpg 925w\" sizes=\"auto, (max-width: 883px) 100vw, 883px\" \/><\/figure>\n","protected":false},"excerpt":{"rendered":"","protected":false},"author":5,"featured_media":411,"comment_status":"open","ping_status":"open","sticky":false,"template":"","format":"standard","meta":{"footnotes":""},"categories":[42,55,27,7,8,4,54,6,26],"tags":[],"class_list":["post-410","post","type-post","status-publish","format-standard","has-post-thumbnail","hentry","category-assassinats","category-attaques","category-droit-international","category-gaza","category-genocide","category-israel","category-liban","category-palestine","category-usa"],"_links":{"self":[{"href":"https:\/\/www.palestine45.fr\/wordpress\/index.php?rest_route=\/wp\/v2\/posts\/410","targetHints":{"allow":["GET"]}}],"collection":[{"href":"https:\/\/www.palestine45.fr\/wordpress\/index.php?rest_route=\/wp\/v2\/posts"}],"about":[{"href":"https:\/\/www.palestine45.fr\/wordpress\/index.php?rest_route=\/wp\/v2\/types\/post"}],"author":[{"embeddable":true,"href":"https:\/\/www.palestine45.fr\/wordpress\/index.php?rest_route=\/wp\/v2\/users\/5"}],"replies":[{"embeddable":true,"href":"https:\/\/www.palestine45.fr\/wordpress\/index.php?rest_route=%2Fwp%2Fv2%2Fcomments&post=410"}],"version-history":[{"count":1,"href":"https:\/\/www.palestine45.fr\/wordpress\/index.php?rest_route=\/wp\/v2\/posts\/410\/revisions"}],"predecessor-version":[{"id":412,"href":"https:\/\/www.palestine45.fr\/wordpress\/index.php?rest_route=\/wp\/v2\/posts\/410\/revisions\/412"}],"wp:featuredmedia":[{"embeddable":true,"href":"https:\/\/www.palestine45.fr\/wordpress\/index.php?rest_route=\/wp\/v2\/media\/411"}],"wp:attachment":[{"href":"https:\/\/www.palestine45.fr\/wordpress\/index.php?rest_route=%2Fwp%2Fv2%2Fmedia&parent=410"}],"wp:term":[{"taxonomy":"category","embeddable":true,"href":"https:\/\/www.palestine45.fr\/wordpress\/index.php?rest_route=%2Fwp%2Fv2%2Fcategories&post=410"},{"taxonomy":"post_tag","embeddable":true,"href":"https:\/\/www.palestine45.fr\/wordpress\/index.php?rest_route=%2Fwp%2Fv2%2Ftags&post=410"}],"curies":[{"name":"wp","href":"https:\/\/api.w.org\/{rel}","templated":true}]}}