{"id":512,"date":"2026-04-28T11:14:12","date_gmt":"2026-04-28T11:14:12","guid":{"rendered":"https:\/\/www.palestine45.fr\/wordpress\/?p=512"},"modified":"2026-04-28T11:14:12","modified_gmt":"2026-04-28T11:14:12","slug":"cereales-volees-et-envoyees-a-haifa-lukraine-convoque-lambassadeur-disrael","status":"publish","type":"post","link":"https:\/\/www.palestine45.fr\/wordpress\/?p=512","title":{"rendered":"C\u00e9r\u00e9ales vol\u00e9es et envoy\u00e9es \u00e0 Ha\u00effa : l&rsquo;Ukraine convoque l&rsquo;ambassadeur d&rsquo;Isra\u00ebl"},"content":{"rendered":"\n<p><strong>Kyiv a averti Isra\u00ebl d&rsquo;une crise diplomatique imminente si les autorit\u00e9s autorisaient un navire transportant du bl\u00e9 qui aurait \u00e9t\u00e9 vol\u00e9 dans des territoires ukrainiens occup\u00e9s par la Russie \u00e0 accoster et \u00e0 d\u00e9charger. <\/strong><img decoding=\"async\" src=\"https:\/\/img-s-msn-com.akamaized.net\/tenant\/amp\/entityid\/AA21T2LC.img?w=768&amp;h=432&amp;m=6\" alt=\"Des ouvriers chargent des c\u00e9r\u00e9ales dans un port c\u00e9r\u00e9alier \u00e0 Izmail, 26 avril 2023.\"><\/p>\n\n\n\n<p>Des ouvriers chargent des c\u00e9r\u00e9ales dans un port c\u00e9r\u00e9alier \u00e0 Izmail, 26 avril 2023.\u00a9&nbsp;AP Photo<\/p>\n\n\n\n<p>Regain de tension entre l&rsquo;Ukraine et Isra\u00ebl : Kyiv cherche \u00e0 emp\u00eacher un navire transportant des c\u00e9r\u00e9ales pr\u00e9tendument vol\u00e9es dans les r\u00e9gions du pays occup\u00e9es par la Russie d&rsquo;accoster et de d\u00e9charger dans le port de Ha\u00effa.<\/p>\n\n\n\n<p>Selon le ministre ukrainien des Affaires \u00e9trang\u00e8res, Kyiv avait adress\u00e9 une convocation \u00e0 l&rsquo;ambassadeur d&rsquo;Isra\u00ebl pour qu&rsquo;il se pr\u00e9sente mardi matin, la diplomatie ukrainienne d\u00e9termin\u00e9e \u00e0 pr\u00e9senter une note de protestation et \u00e0 demander que des mesures appropri\u00e9es soient prises.<\/p>\n\n\n\n<p><a href=\"https:\/\/msft-ssp-emea.adnxs.com\/click2?e=wqT_3QKjAfBDowAAAAMAxBkFAQiCqsLPBhCU6Ozc4Le7qgMY7Zer1I6P199NII_60gsomAIwuGg4kQRAzJeh3QJI8opOUABaA1VTRGIBBZBoAXABeJmgZ4ABj40GiAEBkAEAmAEFoAECqQF4uB0aFqPUP7EBEQoouQEAAAAghevpP8EVHgDJFQo82AGOvQLgAQDwAdWvBfgBAA..\/s=c3313a946bae5a86b43a0dd5caba1feb95aeff04\/bcr=AAAAAAAA8D8=\/pp=0.32\/bn=99983\/clickenc=https%3A%2F%2Ftrace-eu.mediago.io%2Fju%2Fic%3Ftn%3Dfd2c78e45533ef29df88e75fbc16275a%26trackingid%3D66aca20c4aa12a7acbdd0790f5c02800%26acid%3D33851%26data%3DhoaysZszug1jxjsjW_cnBIVEoIIb3MNFvrs267bDgN4pRyEX7bFxJKGQ_G7ZdcCVfB63nnIc1ZG1lOeo4Y7fUKgsyTjIPwLxJY647PqxUjV_21VM8uEl8JRutQgb6OYgufDneokKwJbDjFdcpp_Q87WxP_Q-RbZkiNOLM1aew3t61GTq7rJTqK0UGMQf_y_AeAtVbqorJ0PyStCjRbe6S5CL-ZsnZjMQ2ST5teem7P4FyhD-PcnzuKyOsuSsXd-HS0tXVAHwWCGalJ-0rEig5FYmsgP5CQ9B__b8Kou-0RgT0vq2UEvdXtjBSOKA7ZTq6jqnC1WCjMaF267cjh8X6zsXRTKgtQIN3zZK8m42N63viRYTzjKsUi9oWar_3ez4h9ycMYaVAfcY6IXVBpN0L3wu7XjN2ooReNXExGwkj8JSx9n-bxzFrLROQMo-YlYI8F23xd7cAujYB6Lc29HSBaFFERZqkOtAFqEUdLk2znUb7B_fP7caLz0jFLbQop5jtj4wPpbfkKZzav0oyW6fLsc2aoCzwNQKW9VQ3gUA7ejofZGnVhR8qeiZstc7M0KsNom2q_VWSEwmmN6-GJ3V5awEXXYySQaYz5W7MZ2Vkm-EWMO0JkQOgZHk5G2KNkIp50CypjDbVRBs_WWEmcpHhEwZToyqd0ohrY4MCx9_fsLKIgY32lLVuO9XPRXM0fROeqBXF4UCPDs8kHahM2LZV98wpo1m318LNI91Qq5MX6T0uj8ed4j3b5xy5Vour39zfo6zZ36bOL9Lk_h89-gNaCsgvvD2_UBRgAwYf7eKYbOUeuMj9ao1uSjzyvS0f4ln1yhwcMx7TDtJumqEZaaTJQkIV54YxzbYWmP5skyJux4afE8Za5uTNNkPvllKWR2nurSXBaQ83NF3YBlIxad-c_NIeYSEbSv-fMgCiGjpLrHdssSYo5pItV5VP75ZY5fHspGsTK9_m006n4TQ8xTl4RgrKX5--RFucelQoADvHksyIKnawCmXF5-jotzefSSHgGdGrvj5pnN2D1LOXaYnW1Y93CsUYwjbfGG3olt-WXlQsXYjyfZwjyH851ULHyvtXSarw-Ei-Y_YsQqlqziW9Qfqic0G5LTzvQDYTL9Ig_Lc7hmgPCk-bcZOLKUaVJjKbHyJqGAoYsa0W6GIKdXv1Ec2_fzX6hjUqkP8Urp9q0NCYaEtGDeGtyR2YrDfRqzhAS4XMT1UAPJrgmiBs4bF6O-P4F6gHQsuJeVTi1hivqovHf-Sbkz2C8nW94Z0mKclXfh_siREyJBvWNOeqoy-KobkDUFKWhhtR9ytw4u4VV38-cZIiQp-esL9pcwt74iCioI1b_qqLOKcKqNIQ8-2AvrxMJ_n_vvp8V3w75i3ZZe-5CzbgiO9HTU1ApmL4azglDTqvJEvNza37GQvWM6CO__v3a6fg4FmXl_C_qk61vqjAP15VJ624lqxVL3BUlmOawwMGbhB9cIrNOd-b1ktkKSIWYm7NlNcKrpd-jvNRCffALIYc1MNM-qOIuE0E5DEB4JviNkiFGGCFOKLMCe3KW-66sty-_ex-1hx7MPDIFe83cUj-Ci1EtiSqXBwhlFZlR0WkCsivr2gyuHdIj0YP0qPg8lvlrM1qoSpy6jDv6-Ody8CKiDQG7eXVKOAY_TUO_6uby2WbXrF0sNmTOB_7wZqnR4Bteew-Munbl4-_hZ5rhBgLfAdp908vPimwtb8cYGhohAq7VCkWceypWHuHN9JuLz_vgCe5oIj4cOtxLMllLtTd1Y99QeJs-LqK_9WqhmEfC130cEXJlqGbHYi96nPnXCI5pMlGmA8MPG15zDwYko2IHT94RqcDPWWBpBivlny_M1JJ6n0TUWwgkDZsz0pzJkk2k8uDUx1-frJdbyG6C0kXhVIfv9qMS4yFT0dyG8w_MEBzgOUkcoIuuVMDBr03_4mMvJdYH-cgMfEMQOa5jO_ly8BVVSbsh4yMmEjclsZORQvetyAz0rhL4I3tpfQoLIk1cOlZVG-mcx4yRMYFJip3pbf6GqR5n81DQuSPLnx-GJarjuxhqPCPV4lz8IFghMM9IM0dsPHkqrz4eo1Ikba2Kt89s6Mq32KeTCVV6nkxM7YMVW7gDYgB0XhOM84LfyAwZqY30gllgk867-0ysMf4xn4rLR2aihO0qlls6s0aAYenFiar4C24l6FuYfcpn5LyJ2UYw5Ytfn13D4%26uid%3Dmid_30db238609e1bb78fb56008a0772fc99%26mguid%3D%26ap%3D%7BAUCTION_PRICE%7D%26tid%3D%7Btid%7D%26gprice%3D5Njl1yK2a9VGtkOYtPhpgsjPLBDMwgN8HkXpYyJelo8%26campaignid%3D4850117\" target=\"_blank\" rel=\"noreferrer noopener\"><\/a>Andrii Sybiha a d\u00e9clar\u00e9 que \u00ab\u00a0les relations amicales entre l&rsquo;Ukraine et Isra\u00ebl peuvent \u00eatre b\u00e9n\u00e9fiques pour les deux pays\u00a0\u00bb et a r\u00e9affirm\u00e9 que \u00ab\u00a0le commerce ill\u00e9gal de c\u00e9r\u00e9ales ukrainiennes vol\u00e9es par la Russie ne devrait pas les compromettre\u00a0\u00bb.<\/p>\n\n\n\n<p>\u00ab\u00a0Il est difficile de comprendre l&rsquo;absence de r\u00e9ponse appropri\u00e9e d&rsquo;Isra\u00ebl \u00e0 la demande l\u00e9gitime de l&rsquo;Ukraine concernant le pr\u00e9c\u00e9dent navire qui a livr\u00e9 des marchandises vol\u00e9es \u00e0 Ha\u00effa\u00a0\u00bb.<\/p>\n\n\n\n<p>\u00ab\u00a0Maintenant qu&rsquo;un autre navire de ce type est arriv\u00e9 \u00e0 Ha\u00effa, nous mettons une fois de plus Isra\u00ebl en garde contre le fait d&rsquo;accepter des c\u00e9r\u00e9ales vol\u00e9es et de nuire \u00e0 nos relations\u00a0\u00bb, a d\u00e9clar\u00e9 Sybiha.<\/p>\n\n\n\n<p>Le chef de la diplomatie isra\u00e9lienne a r\u00e9agi au message de son homologue sur X lundi soir, d\u00e9conseillant \u00e0 Kyiv \u00ab\u00a0d&rsquo;entretenir des relations diplomatiques sur Twitter ou dans les m\u00e9dias\u00a0\u00bb.<\/p>\n\n\n\n<p>Gideon Sa&rsquo;ar a insist\u00e9 sur le fait que \u00ab\u00a0les preuves \u00e9tayant les all\u00e9gations n&rsquo;ont pas encore \u00e9t\u00e9 fournies\u00a0\u00bb.<\/p>\n\n\n\n<p><a href=\"https:\/\/msft-ssp-emea.adnxs.com\/click2?e=wqT_3QKhAfBDoQAAAAMAxBkFAQiCqsLPBhDFvoGGycbw2BcY7Zer1I6P199NIPajnQ0omAIwxH04uARAr83v1QJI8opOUABaA1VTRGIBBZBoAXABeJmgZ4ABj40GiAEBkAEAmAEFoAECqQFxrIvbaADHP7EBEQoouQEAAAAAKVzfP8EVHgDJFQo02AGOvQLgAQDwAQD4AQA.\/s=1d71bc968d14f9d1a40b92229de2e226b5e48b1f\/bcr=AAAAAAAA8D8=\/pp=0.18\/bn=99983\/clickenc=https%3A%2F%2Fapi.taboola.com%2F2.0%2Fjson%2Fmsn-france%2Frecommendations.notify-click%3Fapp.type%3Dbidder%26app.apikey%3D69629143827c91b118c7e0dc9f2a4eb0059feae9%26response.id%3D__2225b05a4909d68925356255b3f8ca08__b0fec173b3322900dbfb51e37e435d7b%26response.session%3Dv2_45deb1f004cea34759ea89c3194bed51_eccdef65-a754-4bb9-ae7b-a87d53d7fb03-tuct10ea1a82_1777374466_1777374466_CNawjgYQr7w-GKHU2pTToo2YlQEgASgBMEo4xNcIQPKLEEin1ucDUP___________wFYAGAAaMSG5uz7h7C6bHABgAEAiAEA%26item.id%3D%257E%257EV1%257E%257E-2546625885027779042%257E%257Egi7h5X5twRu8zBksOVaO5RI1KUUxJcWkGb00Rby3KQGrdqG07Ueil6dOtekbpWlIresFI2VOePg7hmqhrao-UIfulT6lh4KYOkCt8A9t5Cmqgw1GPO7z1khf3kueXLb0yno0tDQTlzqVCGT6Z93kEX8pVRGcMegAa_cYoKbfH2WnVGikKx8tWM3hiONH3GqJPzlBBRQpwwLgUhB8JvQG_D5iZ2nH2G5S5jb0OC8eChc%26item.type%3Dtext%26sig%3D09a692c34909ceef83835ea37c747070066df41b881f%26redir%3Dhttps%253A%252F%252Feu.adventori.com%252Fad%252FadClick%253Ftk_campaignId%253DRenault_Publicis_DTE_VN_Filrouge_2024%2526tk_cartoucheId%253DTABOOLA_CW_VN2025_DTE_CPC_Native_RENAULT_R4_ELECTRIC%2526gdpr%253D%2524%25257BGDPR%25257D%2526gdpr_consent%253D%2524%25257BGDPR_CONSENT_27%25257D%2526device%253DDesktop%2526site%253Dmsn-france%2526tblci%253DGiBASF-siVC1D9wxHjhooZEckTBVDbUEsyhuav_vB32KQSD1znMou-Wiu_Dk35tPMK-8Pg%2523tblciGiBASF-siVC1D9wxHjhooZEckTBVDbUEsyhuav_vB32KQSD1znMou-Wiu_Dk35tPMK-8Pg%26st%3Df%26ui%3Deccdef65-a754-4bb9-ae7b-a87d53d7fb03-tuct10ea1a82%26cpb%3DGN6X1dMGIJz__________wEqGWFtLnRhYm9vbGFzeW5kaWNhdGlvbi5jb20yCHRyYzQwNjIzOIDctLYFQMTXCEjyixBQp9bnA1j___________8BYwjkngEQrMgBGENkYwjXFhDVHxgjZGMI0gMQ4AYYCGRjCPf__________wEQ9___________ARgJZGMI9f__________ARD1__________8BGAtkYwi0__________8BELT__________wEYTGRjCKQnEIo1GC9kYwjvsAEQ6-EBGDBkYwjcChD7GhgWZGMI0AwQ8BIYF2RjCJYUEJwcGBhkYwiohQEQ7agBGDpkYwj0FBCeHRgfZGoTMzQxMzY1ODQyNjU3ODA1ODA5NXgBgAHiI4gBgLaaJJABGJgBjqKYnt0zogEEU0NPTqoBElNDT05fTVNGVF9NT05FVElaRbIBElNDT05fTVNGVF9NT05FVElaRboBBHRleHTAAYieBMoBAmFt0AEA2wEQAdwB%26viperAppType%3DSCON\" target=\"_blank\" rel=\"noreferrer noopener\"><\/a>Gideon Sa&rsquo;ar a \u00e9galement d\u00e9clar\u00e9 que Kyiv n&rsquo;avait \u00ab\u00a0m\u00eame pas soumis une demande d&rsquo;assistance juridique avant de se tourner vers les m\u00e9dias et les r\u00e9seaux sociaux\u00a0\u00bb.<\/p>\n\n\n\n<p>\u00ab\u00a0L&rsquo;affaire sera examin\u00e9e. Isra\u00ebl est un \u00c9tat qui respecte l\u2019\u00e9tat de droit avec des autorit\u00e9s ind\u00e9pendantes charg\u00e9es de l&rsquo;application de la loi. Toutes les autorit\u00e9s isra\u00e9liennes agiront conform\u00e9ment \u00e0 la loi.\u00a0\u00bb<\/p>\n\n\n\n<p>Des sources d**&rsquo;Euronews** \u00e0 Kyiv ont confirm\u00e9 les rapports initiaux selon lesquels des fonctionnaires ukrainiens ont sugg\u00e9r\u00e9 que si Isra\u00ebl ne rejetait pas la cargaison, cela pourrait avoir des cons\u00e9quences diplomatiques importantes.<\/p>\n\n\n\n<p>Le navire en question est le&nbsp;<a href=\"https:\/\/www.vesselfinder.com\/fr\/vessels\/details\/9445021\" rel=\"noreferrer noopener\" target=\"_blank\">Panormitis<\/a>, battant pavillon panam\u00e9en, qui a atteint les eaux proches de Ha\u00effa, selon les services de surveillance du trafic maritime.<\/p>\n\n\n\n<p>Le Panormitis transporterait plus de 6 200 tonnes de bl\u00e9 et 19 000 tonnes d&rsquo;orge.<\/p>\n\n\n\n<p>Selon la journaliste d&rsquo;investigation ukrainienne Kateryna Yaresko du projet SeaKrime, qui a \u00e9t\u00e9 la premi\u00e8re \u00e0 r\u00e9v\u00e9ler l&rsquo;affaire, le Panormitis a \u00e9t\u00e9 charg\u00e9 de c\u00e9r\u00e9ales provenant des territoires ukrainiens occup\u00e9s par le biais de transferts d&rsquo;autres navires et a quitt\u00e9 le port de Kavkaz dans la r\u00e9gion russe de Krasnodar.<\/p>\n\n\n\n<p><a href=\"https:\/\/msft-ssp-emea.adnxs.com\/click2?e=wqT_3QKlAfCBpQAAAAMAxBkFAQiCqsLPBhDxlvzUtoj93GIY7Zer1I6P199NIPejnQ0omAIw14sBONQEQPvq49wCSPKKTlAAWgNVU0RiA1VTRGgBcAF4maBngAGYlAaIAQGQAQCYAQWgAQKpASWX_5B--5o_sQEkl_-QfvuaP7kBAAAAgOtRyD_BAREUBMkBEQpA2AGOvQLgAQDwAbqR_gj4AQA.\/s=f7d18520109d1406dd6244404ec3e5269c560576\/bcr=AAAAAAAA8D8=\/pp=0.03\/bn=100888\/clickenc=https%3A%2F%2Fgo-eu.mediagotechnology.com%2Fju%2Fic%3Ftn%3D415195f1a08f185efb509b0e960df55f%26trackingid%3Dbb018c7a60fff8be035872f8fec1313a%26acid%3D33851%26data%3D8sVmDD2K3gCuNvz2OkYNx3ZqLfTBJII5KT_lyxoidIj1Nj5rt6V2dvnomzy3CWQYPUDi5Emldf_x_XOL9YO5ey7zO8EK-Wqi2DvwuKqUFwWN0Wthhhn5Z4V7W15mzVc8kgaIBfb5n7_RpIBcNJ_N3Q-aIBmu3qClYcfhv4ZKKetr6hqOFTJW1c-Xn6iZNexLQEcV3BzQvomZc6WuS_8JQVrwTBiBAUv-TJhxhz2iCLtIG63jRTMXznF_b78UDC8ASgBtIIMYQSpJng2GS-JcpMimHIvDehha7pg-r4aZFYvijSKvuafM3kW2ywuwW_beETnGlMU3U3IAh-5kjBHSdk3EUJto6NkX9VWFp7z3dxCZeGk-eKnFh9P_AhwaJpD1NoxhWw_ZXauu1BKJeT8YCUWfNIYhZWZOj7AFolxv9PB_78lQktMpku2etC90-O8SbLuzx_3eGMaYmjDwXPQq26qLLukMkfgy1VxmOy754YOnAOanIHd-NATUs0QJo32la5Odh-EtHsTI4tL5t3TrGpMo1VKZXMIRL9l7FlzI2wq2dg7xibKuE9ynQdQBk2Gl3WxUf-y1qGC0Ta_AFK5khjaoZML8JOAMFyzXmCIk6VahMKrjm_7Q6DkJK_KVMkWKEux9i4tkja5OvNYki8elD7WtaJQhJOwnzIKrI6GwA216_ZADwpUHGtTSx0Q3mfz1Cv1DgV5QT0tTiZgQtHTDbxfxraqwbpInBWfyIuaxwct0WutTI2hwGKGBAIRK5PGsoYAT3OBPVb7B_6gMr7R3U328hTV90IrlBbcfSk5UEawj3hQXIshVLEriLAw674IZdUrLvYcAEo4wCmh7ttURuVWR4CbNySLgoE87TZTtYCYGdJ7yU2Kcxlx40hKUjx8M10zRG6N4TxAttHJMXGoZxms6zLeGO2Dn7QE5U9OrwCrgidMy9RCT-lXRDQ0xbuimHC4yDJhktdbbB9bclCRFu42VSoe5FmU-NxnET6Hv_LtauV4byMp0oWHxpqq-jSkbQ05wXaqlrX2-P0C5FILcRrGY-zfJIkPzsIOgXgD-6itWdbS3-gnia1ZMb7tSlGynwvAZCHTct-RvnVmnLbSFUncdGgf6YfFWEak2TOQ6n0RyqcqSM6WW1JUTrLnXhLRXx23lW_Ju0NRldRro8TjRXAiBdBOtlYk4mol-kndbfgWRpEE0I-grXH5qL-wVyScERwTEizGXYkd9vzwoNOs350JZwTeARRqvsct24jbMngqp8eCprI3UxudD_jDkNZ0zC2N7VcNIEBm_iHgQrowrWPb-9AkclBX5cWsTj_4PJ-KRkrFaXNYKRIUPWnKdQmngJzskVoZCF7qV6qZJBNR-v6y4kS6peGhdtzV-n-q2eNuFVsCo4Wx6gmVVLGhkvW0MGTYyOxc4wXpfxxmPkFJMxW919rAWWNDGCDLZdAYR9e935s41jl2m6FEKRsRP_o0pL8BwO29LEzFXy1CBH7nOPy5mQ5cIj5FiPOaHVLkle2G_yOwHPWouWj109GOLb_Vtg-ceZHixNZ9auzpp9pLMI-AIA3JzhdG-7JrqvgSXc1apcgekpR7cZ2ZCV4_kp52nLITv9n8ghiwl-ZC0KUplXBAG2kLUxIYrIxw9VG7eCP_QIwzxPAkJluvk5VXHDL1Al6QRSoHHHw2D85pyqFEy4Z_huLtkwtYB73NJZ4WvgPY_WIlKO_0s41xiP-xm76DeHGeoFAAS9IU44mI9WN0YsBHxrf1aQrRkan5LRY7Ik9G2ETekWNEhYMo8I8RC1H0XGXTERmn_BL6Hxj4q0CaBy8-npcy2a8QD7NpRp-N2uKnnajhuMzPjOv-3p16Bef8-EUNl4LOpMhb5gZT2iEjrUbCJQDDK15eHLfDd1Qlkf5pBO_ZNZkJMJEXEwmOkCZPDL2Iqmk8CWHEywR5zROE7QhA_7cB7PdRS-XqRLnNa8_hdHrFVOs670lE7SyxS8dyHQcxTQeXiUt9tHPHMkYslK-E9IqtGFinhGHJd1y8mMkEivFMfREW2tMXYlrF0WXLWzp7BVYqEhqxh-nhMppOF6GvI4Yg8-9l657JKj5CaeWnel__tDi07GSWFWwRnTlgj48iHj_Jl7fPVvqDCMuA0bQg2raw04YhkRZ8xRwlLSF3hnAGQQVlhzteffCsGPw6heRu-e6CHqTMtVrU6thyP2bUX_Bl1BnCAvI04hnlkqfyCTSCFj7uDeK4m0lAOxAOS%26uid%3Dmid_0f74c8e1fcd839197673a3fa3685dcb5%26mguid%3D%26ap%3D%7BAUCTION_PRICE%7D%26tid%3D%7Btid%7D%26gprice%3DsiJrQhWQVJFQ8B4WkfjgrJMhcwD8CBengyvSHxwgZSs%26campaignid%3D5013106\" target=\"_blank\" rel=\"noreferrer noopener\"><\/a>Selon le rapport, une grande partie de la cargaison a \u00e9t\u00e9 transf\u00e9r\u00e9e depuis la ville ukrainienne occup\u00e9e de Berdiansk, sur la c\u00f4te de la mer d&rsquo;Azov.<\/p>\n\n\n\n<p>Selon des infos des m\u00e9dias am\u00e9ricains confirm\u00e9s par&nbsp;<strong>Euronews<\/strong>, Kyiv suivrait Panormitis et des responsables ont d\u00e9clar\u00e9 qu&rsquo;ils n&rsquo;\u00e9taient pas pr\u00eats \u00e0 \u00ab\u00a0laisser passer \u00e7a\u00a0\u00bb.<\/p>\n\n\n\n<p>Une source diplomatique ukrainienne a d\u00e9clar\u00e9 \u00e0 Axios qu&rsquo;Isra\u00ebl avait \u00ab\u00a0essentiellement ignor\u00e9\u00a0\u00bb les demandes de Kyiv concernant le pr\u00e9c\u00e9dent navire qui avait d\u00e9charg\u00e9 du bl\u00e9 vol\u00e9 dans le port de Ha\u00effa.<\/p>\n\n\n\n<p>\u00ab\u00a0Franchement, cela ressemble \u00e0 une gifle \u00e9tant donn\u00e9 la bonne volont\u00e9 strat\u00e9gique de l&rsquo;Ukraine &#8211; de la d\u00e9signation du CGRI comme terroriste \u00e0 la criminalisation de l&rsquo;antis\u00e9mitisme\u00a0\u00bb, a d\u00e9clar\u00e9 une source diplomatique ukrainienne.<\/p>\n\n\n\n<p><strong>Euronews<\/strong>&nbsp;a contact\u00e9 le minist\u00e8re isra\u00e9lien des Affaires \u00e9trang\u00e8res, mais n&rsquo;a pas re\u00e7u de commentaire au moment de la publication.<\/p>\n\n\n\n<h2 class=\"wp-block-heading\"><strong>Cas pr\u00e9c\u00e9dent de c\u00e9r\u00e9ales ukrainiennes vol\u00e9es arrivant en Isra\u00ebl<\/strong><\/h2>\n\n\n\n<p>Au d\u00e9but du mois d&rsquo;avril, le vraquier russe Abinsk a livr\u00e9 \u00e0 Isra\u00ebl pr\u00e8s de 44 000 tonnes de bl\u00e9 ukrainien vol\u00e9, ce qui a suscit\u00e9 une r\u00e9action diplomatique s\u00e9v\u00e8re de la part de Kyiv.<\/p>\n\n\n\n<p>Le minist\u00e8re ukrainien des Affaires \u00e9trang\u00e8res a publi\u00e9 une d\u00e9claration officielle, indiquant qu&rsquo;il avait averti les responsables isra\u00e9liens de l&rsquo;origine possible de la cargaison provenant des territoires temporairement occup\u00e9s de l&rsquo;Ukraine \u00e0 bord de l&rsquo;Abinsk et soulign\u00e9 \u00ab\u00a0l&rsquo;inadmissibilit\u00e9 des op\u00e9rations d&rsquo;importation avec de tels produits\u00a0\u00bb.<\/p>\n\n\n\n<p>\u00ab\u00a0Des assurances ont \u00e9t\u00e9 re\u00e7ues quant \u00e0 une r\u00e9ponse appropri\u00e9e\u00a0\u00bb, a d\u00e9clar\u00e9 le minist\u00e8re ukrainien des Affaires \u00e9trang\u00e8res, tout en admettant que \u00ab\u00a0malgr\u00e9 les informations fournies et les contacts entre les parties, le navire a \u00e9t\u00e9 autoris\u00e9 \u00e0 d\u00e9charger dans le port de Ha\u00effa les 12 et 14 avril\u00a0\u00bb, selon le communiqu\u00e9.<\/p>\n\n\n\n<p>La partie ukrainienne consid\u00e8re que le navire Abinsk \u00ab\u00a0pourrait \u00eatre impliqu\u00e9 dans les activit\u00e9s de la \u00ab\u00a0<a href=\"https:\/\/fr.euronews.com\/2026\/03\/20\/la-france-arraisonne-un-navire-suspecte-dappartenir-a-la-flotte-fantome-russe\" target=\"_blank\" rel=\"noreferrer noopener\">flotte fant\u00f4me<\/a>\u00ab\u00a0, que l&rsquo;\u00c9tat agresseur utilise pour exporter, transporter et vendre ill\u00e9galement des c\u00e9r\u00e9ales ukrainiennes vol\u00e9es dans les territoires temporairement occup\u00e9s et, en fin de compte, pour financer la guerre contre l&rsquo;Ukraine.\u00a0\u00bb<\/p>\n\n\n\n<p>Une enqu\u00eate men\u00e9e par le m\u00e9dia isra\u00e9lien Haaretz a r\u00e9v\u00e9l\u00e9 qu&rsquo;au moins quatre cargaisons de c\u00e9r\u00e9ales ukrainiennes vol\u00e9es ont d\u00e9j\u00e0 \u00e9t\u00e9 d\u00e9charg\u00e9es en Isra\u00ebl cette ann\u00e9e.<\/p>\n\n\n\n<p>Selon les estimations de Kyiv, au moins 15 millions de tonnes de c\u00e9r\u00e9ales ukrainiennes ont \u00e9t\u00e9 vol\u00e9es par la Russie depuis le d\u00e9but de l&rsquo;invasion \u00e0 grande \u00e9chelle en 2022.<\/p>\n\n\n\n<h2 class=\"wp-block-heading\"><strong>Des relations diplomatiques d\u00e9licates<\/strong><\/h2>\n\n\n\n<p>Les relations entre l&rsquo;Ukraine et Isra\u00ebl sont rest\u00e9es prudentes depuis le d\u00e9but de l&rsquo;invasion russe.<\/p>\n\n\n\n<p>Isra\u00ebl s&rsquo;est abstenu de fournir une aide militaire directe \u00e0 Kyiv, tentant de pr\u00e9server l&rsquo;\u00e9quilibre de ses relations avec la Russie.<\/p>\n\n\n\n<p>Mais la situation a chang\u00e9 depuis le d\u00e9but de la guerre am\u00e9ricano-isra\u00e9lienne en Iran \u00e0 la fin du mois de f\u00e9vrier.<\/p>\n\n\n\n<p>Bien que le pr\u00e9sident ukrainien Volodymyr Zelensky ne se soit pas rendu en Isra\u00ebl au cours de sa tourn\u00e9e diplomatique au Moyen-Orient, les minist\u00e8res des Affaires \u00e9trang\u00e8res des deux pays ont d\u00e9clar\u00e9 que l&rsquo;Ukraine et Isra\u00ebl \u00e9taient pr\u00eats \u00e0 renforcer leurs relations face \u00e0 un adversaire commun, l&rsquo;Iran.<\/p>\n\n\n\n<p>L&rsquo;Ukraine, surnomm\u00e9e le grenier \u00e0 bl\u00e9 de l&rsquo;Europe, est l&rsquo;<a href=\"https:\/\/fr.euronews.com\/my-europe\/2023\/05\/02\/voici-tout-ce-que-lon-sait-sur-laccord-de-lue-pour-garantir-le-transit-des-cereales-dukrai\" target=\"_blank\" rel=\"noreferrer noopener\">un des principaux exportateurs de ma\u00efs, de bl\u00e9 et d&rsquo;avoine vers l&rsquo;Union europ\u00e9enne<\/a>.<\/p>\n\n\n\n<p>Avant le d\u00e9but de la guerre, l&rsquo;Ukraine exportait g\u00e9n\u00e9ralement entre 5 et 7 millions de tonnes de c\u00e9r\u00e9ales par an.<\/p>\n\n\n\n<p>L&rsquo;agriculture est la principale source de revenus du pays, qui, selon les estimations des Nations unies, repr\u00e9sente 20 % du PIB.<\/p>\n","protected":false},"excerpt":{"rendered":"<p>Kyiv a averti Isra\u00ebl d&rsquo;une crise diplomatique imminente si les autorit\u00e9s autorisaient un navire transportant du bl\u00e9 qui aurait \u00e9t\u00e9 vol\u00e9 dans des territoires ukrainiens occup\u00e9s par la Russie \u00e0 accoster et \u00e0 d\u00e9charger. Des ouvriers chargent des c\u00e9r\u00e9ales dans un port c\u00e9r\u00e9alier \u00e0 Izmail, 26 avril 2023.\u00a9&nbsp;AP Photo Regain de tension entre l&rsquo;Ukraine et [&hellip;]<\/p>\n","protected":false},"author":5,"featured_media":513,"comment_status":"open","ping_status":"open","sticky":false,"template":"","format":"standard","meta":{"footnotes":""},"categories":[4,65,64],"tags":[],"class_list":["post-512","post","type-post","status-publish","format-standard","has-post-thumbnail","hentry","category-israel","category-ukraine","category-vol"],"_links":{"self":[{"href":"https:\/\/www.palestine45.fr\/wordpress\/index.php?rest_route=\/wp\/v2\/posts\/512","targetHints":{"allow":["GET"]}}],"collection":[{"href":"https:\/\/www.palestine45.fr\/wordpress\/index.php?rest_route=\/wp\/v2\/posts"}],"about":[{"href":"https:\/\/www.palestine45.fr\/wordpress\/index.php?rest_route=\/wp\/v2\/types\/post"}],"author":[{"embeddable":true,"href":"https:\/\/www.palestine45.fr\/wordpress\/index.php?rest_route=\/wp\/v2\/users\/5"}],"replies":[{"embeddable":true,"href":"https:\/\/www.palestine45.fr\/wordpress\/index.php?rest_route=%2Fwp%2Fv2%2Fcomments&post=512"}],"version-history":[{"count":1,"href":"https:\/\/www.palestine45.fr\/wordpress\/index.php?rest_route=\/wp\/v2\/posts\/512\/revisions"}],"predecessor-version":[{"id":514,"href":"https:\/\/www.palestine45.fr\/wordpress\/index.php?rest_route=\/wp\/v2\/posts\/512\/revisions\/514"}],"wp:featuredmedia":[{"embeddable":true,"href":"https:\/\/www.palestine45.fr\/wordpress\/index.php?rest_route=\/wp\/v2\/media\/513"}],"wp:attachment":[{"href":"https:\/\/www.palestine45.fr\/wordpress\/index.php?rest_route=%2Fwp%2Fv2%2Fmedia&parent=512"}],"wp:term":[{"taxonomy":"category","embeddable":true,"href":"https:\/\/www.palestine45.fr\/wordpress\/index.php?rest_route=%2Fwp%2Fv2%2Fcategories&post=512"},{"taxonomy":"post_tag","embeddable":true,"href":"https:\/\/www.palestine45.fr\/wordpress\/index.php?rest_route=%2Fwp%2Fv2%2Ftags&post=512"}],"curies":[{"name":"wp","href":"https:\/\/api.w.org\/{rel}","templated":true}]}}