{"id":515,"date":"2026-04-28T11:21:17","date_gmt":"2026-04-28T11:21:17","guid":{"rendered":"https:\/\/www.palestine45.fr\/wordpress\/?p=515"},"modified":"2026-04-28T11:21:17","modified_gmt":"2026-04-28T11:21:17","slug":"moyen-orient-en-direct-larmee-israelienne-ordonne-levacuation-de-nouveaux-villages-du-sud-liban-ou-est-le-cessez-le-feu","status":"publish","type":"post","link":"https:\/\/www.palestine45.fr\/wordpress\/?p=515","title":{"rendered":"Moyen-Orient en direct : l&rsquo;arm\u00e9e isra\u00e9lienne ordonne l&rsquo;\u00e9vacuation de nouveaux villages du Sud-Liban ! O\u00f9 est le cessez le feu ?"},"content":{"rendered":"\n<p>Article de&nbsp;FRANCE 24<\/p>\n\n\n\n<p><img decoding=\"async\" src=\"blob:https:\/\/www.palestine45.fr\/c6315c14-a636-4712-9bcc-ea60803347ae\"><img decoding=\"async\" src=\"https:\/\/img-s-msn-com.akamaized.net\/tenant\/amp\/entityid\/AA21TWCT.img?w=768&amp;h=432&amp;m=6\" alt=\"Une autoroute embouteill\u00e9e alors que des civils fuient leurs foyers vers le nord du Liban, quelques heures apr\u00e8s une escalade militaire marqu\u00e9e par des frappes a\u00e9riennes isra\u00e9liennes dans le sud du pays, le 26 avril 2026.\"><\/p>\n\n\n\n<p>Une autoroute embouteill\u00e9e alors que des civils fuient leurs foyers vers le nord du Liban, quelques heures apr\u00e8s une escalade militaire marqu\u00e9e par des frappes a\u00e9riennes isra\u00e9liennes dans le sud du pays, le 26 avril 2026.\u00a9&nbsp;Mahmoud Zayyat, AFP<\/p>\n\n\n\n<p>L&rsquo;arm\u00e9e isra\u00e9lienne a lanc\u00e9 mardi un avertissement urgent aux habitants de plus d&rsquo;une douzaine de villes du sud du Liban, les exhortant \u00e0 \u00e9vacuer imm\u00e9diatement vers le nord et signalant une attaque imminente. Alors que Washington examine une nouvelle proposition de T\u00e9h\u00e9ran pour mettre fin \u00e0 la guerre au Moyen-Orient, l&rsquo;Iran a de son c\u00f4t\u00e9 d\u00e9clar\u00e9 que les \u00c9tats-Unis n&rsquo;\u00e9taient plus en mesure de \u00ab\u00a0dicter leur politique\u00a0\u00bb.&nbsp;Suivez notre direct.<\/p>\n\n\n\n<p><em>Avec AFP et Reuters<\/em><\/p>\n","protected":false},"excerpt":{"rendered":"<p>Article de&nbsp;FRANCE 24 Une autoroute embouteill\u00e9e alors que des civils fuient leurs foyers vers le nord du Liban, quelques heures apr\u00e8s une escalade militaire marqu\u00e9e par des frappes a\u00e9riennes isra\u00e9liennes dans le sud du pays, le 26 avril 2026.\u00a9&nbsp;Mahmoud Zayyat, AFP L&rsquo;arm\u00e9e isra\u00e9lienne a lanc\u00e9 mardi un avertissement urgent aux habitants de plus d&rsquo;une douzaine [&hellip;]<\/p>\n","protected":false},"author":5,"featured_media":516,"comment_status":"open","ping_status":"open","sticky":false,"template":"","format":"standard","meta":{"footnotes":""},"categories":[55,51,4,54],"tags":[],"class_list":["post-515","post","type-post","status-publish","format-standard","has-post-thumbnail","hentry","category-attaques","category-crime-de-guerre","category-israel","category-liban"],"_links":{"self":[{"href":"https:\/\/www.palestine45.fr\/wordpress\/index.php?rest_route=\/wp\/v2\/posts\/515","targetHints":{"allow":["GET"]}}],"collection":[{"href":"https:\/\/www.palestine45.fr\/wordpress\/index.php?rest_route=\/wp\/v2\/posts"}],"about":[{"href":"https:\/\/www.palestine45.fr\/wordpress\/index.php?rest_route=\/wp\/v2\/types\/post"}],"author":[{"embeddable":true,"href":"https:\/\/www.palestine45.fr\/wordpress\/index.php?rest_route=\/wp\/v2\/users\/5"}],"replies":[{"embeddable":true,"href":"https:\/\/www.palestine45.fr\/wordpress\/index.php?rest_route=%2Fwp%2Fv2%2Fcomments&post=515"}],"version-history":[{"count":1,"href":"https:\/\/www.palestine45.fr\/wordpress\/index.php?rest_route=\/wp\/v2\/posts\/515\/revisions"}],"predecessor-version":[{"id":517,"href":"https:\/\/www.palestine45.fr\/wordpress\/index.php?rest_route=\/wp\/v2\/posts\/515\/revisions\/517"}],"wp:featuredmedia":[{"embeddable":true,"href":"https:\/\/www.palestine45.fr\/wordpress\/index.php?rest_route=\/wp\/v2\/media\/516"}],"wp:attachment":[{"href":"https:\/\/www.palestine45.fr\/wordpress\/index.php?rest_route=%2Fwp%2Fv2%2Fmedia&parent=515"}],"wp:term":[{"taxonomy":"category","embeddable":true,"href":"https:\/\/www.palestine45.fr\/wordpress\/index.php?rest_route=%2Fwp%2Fv2%2Fcategories&post=515"},{"taxonomy":"post_tag","embeddable":true,"href":"https:\/\/www.palestine45.fr\/wordpress\/index.php?rest_route=%2Fwp%2Fv2%2Ftags&post=515"}],"curies":[{"name":"wp","href":"https:\/\/api.w.org\/{rel}","templated":true}]}}