{"id":521,"date":"2026-04-28T11:38:44","date_gmt":"2026-04-28T11:38:44","guid":{"rendered":"https:\/\/www.palestine45.fr\/wordpress\/?p=521"},"modified":"2026-04-28T11:38:44","modified_gmt":"2026-04-28T11:38:44","slug":"a-gaza-les-allies-de-mahmoud-abbas-remportent-des-elections-municipales-historiques","status":"publish","type":"post","link":"https:\/\/www.palestine45.fr\/wordpress\/?p=521","title":{"rendered":"\u00c0 Gaza, les alli\u00e9s de Mahmoud Abbas remportent des \u00e9lections municipales historiques"},"content":{"rendered":"\n<p><img decoding=\"async\" src=\"blob:https:\/\/www.palestine45.fr\/39e3448b-d480-40ca-a717-1a49e66cfea5\"><img decoding=\"async\" src=\"https:\/\/img-s-msn-com.akamaized.net\/tenant\/amp\/entityid\/AA21Q2oO.img?w=768&amp;h=432&amp;m=6&amp;x=383&amp;y=125&amp;s=123&amp;d=123\" alt=\"Une Palestinienne \u00e0 Deir al-Balah d\u00e9pose son bulletin de vote lors des \u00e9lections locales, les premi\u00e8res organis\u00e9es \u00e0 Gaza depuis vingt ans, le 25 avril 2026.\"><\/p>\n\n\n\n<p>Une Palestinienne \u00e0 Deir al-Balah d\u00e9pose son bulletin de vote lors des \u00e9lections locales, les premi\u00e8res organis\u00e9es \u00e0 Gaza depuis vingt ans, le 25 avril 2026.\u00a9&nbsp;Abdel Kareem Hana, AP<\/p>\n\n\n\n<p>Malgr\u00e9 une faible participation, les \u200balli\u00e9s du pr\u00e9sident de l&rsquo;Autorit\u00e9 palestinienne Mahmoud Abbas ont remport\u00e9 dimanche la majorit\u00e9 des si\u00e8ges lors des \u00e9lections municipales organis\u00e9es pour la premi\u00e8re fois depuis 2006.<\/p>\n\n\n\n<p>Des \u00e9lections historiques \u00e0 Gaza. Les \u200balli\u00e9s de\u00a0<a href=\"https:\/\/www.france24.com\/fr\/tag\/mahmoud-abbas\/\" target=\"_blank\" rel=\"noreferrer noopener\">Mahmoud Abbas<\/a>, pr\u00e9sident de l&rsquo;<a href=\"https:\/\/www.france24.com\/fr\/tag\/autorit%C3%A9-palestinienne\/\" target=\"_blank\" rel=\"noreferrer noopener\">Autorit\u00e9 palestinienne<\/a>, ont remport\u00e9, dimanche 26 avril, la majorit\u00e9 des si\u00e8ges\u00a0<a href=\"https:\/\/www.france24.com\/fr\/moyen-orient\/20260425-des-palestiniens-appel%C3%A9s-%C3%A0-voter-aux-municipales-pour-le-premier-scrutin-depuis-la-guerre-%C3%A0-gaza\" target=\"_blank\" rel=\"noreferrer noopener\">lors des \u00e9lections\u00a0 municipales organis\u00e9es<\/a>\u00a0la veille dans les territoires palestiniens, ont annonc\u00e9 des responsables du scrutin.<\/p>\n\n\n\n<p><a rel=\"noreferrer noopener\" href=\"https:\/\/www.bing.com\/api\/v1\/mediation\/tracking?adUnit=1732768568&amp;auId=3971a318-2e17-4ac4-ac82-39fd4f622071&amp;bdc=qo&amp;bidId=16&amp;bidderId=4&amp;cmExpId=RSV&amp;impId=1&amp;impTy=1&amp;ldc=qooczr&amp;mkt=fr-fr&amp;oAdUnit=1732768568&amp;pId=1&amp;publisherId=17160724&amp;rId=0af5507f-f6c1-43ce-98e0-7a07b874f05b&amp;region=emea&amp;rlink=https%3A%2F%2Fwww.bing.com%2Faclick%3Fld%3De8FJyd3NUsEIBFHgFNaFQAyjVUCUxuVSh34P9pTG6TUilNuLktHQRLU6Lp8zvNK_1ObjtawiJGWDo01pPl7mQnRFxe7NpLOEhSw1q6syuqIwfy6IRhocVWJfUaio6GIE7h3kSbMi_Qel-CUMteRh0ysDWMwbd4RxA2R8BNyoytHvzZAWiwPGDFLwKG2ar8oxjxLvC8jQXBmklliMRtAlr9czmbiMw%26u%3DaHR0cHMlM2ElMmYlMmZ3d3cuYXV0by1kb2MuZnIlMmZjb3J0ZWNvJTJmMjEwMzcwOCUzZnRiX3BybSUzZERpc3BsYXklMjUyRkR5blJNSyUyNTJGU2hvcHBpbmdfQ2FydF9BYmFuZG9uZXJzJTI1MkZBVEQlMjUyRkZSXzY3ODQxODgxMSUyNmJybWslM2QxJTI2bXNjbGtpZCUzZGU3ZDAwZmNmN2QyNDFkOTc3YTdkNjYzZmU2MDczMmVkJTI2dXRtX3NvdXJjZSUzZGJpbmclMjZ1dG1fbWVkaXVtJTNkY3BjJTI2dXRtX2NhbXBhaWduJTNkRGlzcGxheSUyNTJGRHluUk1LJTI1MkZTaG9wcGluZ19DYXJ0X0FiYW5kb25lcnMlMjUyRkFURCUyNTJGRlIlMjZ1dG1fdGVybSUzZDIzMzYwNDk4OTMzMjc0MTMlMjZ1dG1fY29udGVudCUzZEZSJTI1MjAtJTI1MjBBVEQlMjUyMC0lMjUyMER5bmFtaWMlMjUyMC0lMjUyMFNob3BwaW5nJTI1MjBDYXJ0JTI1MjBhYmFuZG9uZXJzJTI1MjAtJTI1MjAxNA%26rlid%3De7d00fcf7d241d977a7d663fe60732ed&amp;rtype=targetURL&amp;tagId=webcompar-inarticle-1&amp;trafficGroup=zfa_angvir&amp;trafficSubGroup=erfreir&amp;uberGroup=hore_1c&amp;uberSubGroup=erfreir\" target=\"_blank\"><\/a><\/p>\n\n\n\n<p>Il s&rsquo;agissait des premi\u00e8res \u00e9lections organis\u00e9es \u00e0 Gaza depuis 2006 et la victoire du&nbsp;<a href=\"https:\/\/www.france24.com\/fr\/tag\/hamas\/\" target=\"_blank\" rel=\"noreferrer noopener\">Hamas<\/a>&nbsp;aux l\u00e9gislatives face au&nbsp;<a href=\"https:\/\/www.france24.com\/fr\/tag\/fatah\/\" target=\"_blank\" rel=\"noreferrer noopener\">Fatah<\/a>&nbsp;du pr\u00e9sident palestinien&nbsp;<a href=\"https:\/\/www.france24.com\/fr\/tag\/mahmoud-abbas\/\" target=\"_blank\" rel=\"noreferrer noopener\">Mahmoud Abbas<\/a>, qui \u200ba d\u00e9bouch\u00e9 \u200csur une br\u00e8ve guerre civile dont le mouvement islamiste est sorti vainqueur pour \u2060prendre le contr\u00f4le de l&rsquo;enclave palestinienne.<\/p>\n\n\n\n<p>L&rsquo;<a href=\"https:\/\/www.france24.com\/fr\/tag\/autorit%C3%A9-palestinienne\/\" target=\"_blank\" rel=\"noreferrer noopener\">Autorit\u00e9 palestinienne<\/a>&nbsp;dirig\u00e9e par Mahmoud Abbas a dit en janvier qu&rsquo;elle tenterait d&rsquo;organiser ces \u00e9lections \u00ab\u00a0partout o\u00f9 cela est possible\u00a0\u00bb, \u200cune initiative consid\u00e9r\u00e9e comme un geste symbolique destin\u00e9 \u00e0 montrer que la bande de \u2060Gaza doit faire partie int\u00e9grante d&rsquo;un futur \u00c9tat palestinien.<\/p>\n\n\n\n<h2 class=\"wp-block-heading\">Le Hamas absent des listes<\/h2>\n\n\n\n<p>En d\u00e9pit\u00a0<a href=\"https:\/\/www.france24.com\/fr\/info-en-continu\/20260425-des-palestiniens-votent-pour-les-municipales-premier-scrutin-depuis-la-guerre-%C3%A0-gaza\" target=\"_blank\" rel=\"noreferrer noopener\">d&rsquo;un faible taux de participation<\/a>\u00a0&#8211; 23 % en Cisjordanie et 56 % \u00e0 Deir al-Balah, l&rsquo;une des rares localit\u00e9s de la bande \u200bde Gaza qui ne soit pas contr\u00f4l\u00e9e par les forces isra\u00e9liennes, selon des \u200cchiffres officiels -, ce scrutin a \u00e9t\u00e9 organis\u00e9 \u00ab\u00a0\u00e0 un moment hautement sensible dans un contexte marqu\u00e9 par des d\u00e9fis complexes et des circonstances exceptionnelles\u00a0\u00bb, a d\u00e9clar\u00e9 le Premier ministre palestinien, Mohammad Mustafa, lors de l&rsquo;annonce des r\u00e9sultats.<\/p>\n\n\n\n<p><a href=\"https:\/\/www.bing.com\/api\/v1\/mediation\/tracking?adUnit=1732768568&amp;auId=8ee0b883-d5f9-4e38-8e45-98257fc40247&amp;bdc=qo&amp;bidId=15&amp;bidderId=4&amp;cmExpId=RSV&amp;impId=2&amp;impTy=1&amp;ldc=qooczr&amp;mkt=fr-fr&amp;oAdUnit=1732768568&amp;pId=1&amp;publisherId=17160724&amp;rId=0af5507f-f6c1-43ce-98e0-7a07b874f05b&amp;region=emea&amp;rlink=https%3A%2F%2Fwww.bing.com%2Faclick%3Fld%3De8D9lXIQtnpdqhqRLFy1JWFDVUCUyXzHi_WHmWeIOTqb-CU7-eB9u2k2xEvgHIOjheqbHeP4Sy9OsOV-lSXGNCLYMXUPHV5wiGhbCPDx1kYetkwGcAfBCLzhtZrXlzgNvjmXMoEN2oQwNo4pbjhtCY7Y8m7Dx8Q72fIF14tP9r3MTiuyv2GElIADwloDauBU_st19CCIXHYbTjAZbSIzWsl2wKXIM%26u%3DaHR0cHMlM2ElMmYlMmZ3d3cuYWdyaWV1cm8uZnIlMmZwZXJjaGUtcG5ldW1hdGlxdWUtZml4ZS1lbi1jYXJib25lLXNhbnMtcG9pZ25lZS0yMDAtY20tcGVyY2hlLWZpeGUtdWx0cmEtbGVnZXJlLXAtMTgyNTcuaHRtbCUzZm1zY2xraWQlM2Q1MDRhMWVlNDEyZDAxNjI4YzJlZTc3MTQ4OWYzNGI0ZSUyNnV0bV9zb3VyY2UlM2RiaW5nJTI2dXRtX21lZGl1bSUzZGNwYyUyNnV0bV9jYW1wYWlnbiUzZEJpbmdQbWF4JTI1MjAtJTI1MjBHZW5lcmljYSUyNTIwRnJhJTI2dXRtX3Rlcm0lM2QyMzIzOTU1MjY2MjY1MDczJTI2dXRtX2NvbnRlbnQlM2RBbHRybyUyNTIwLSUyNTIwSW52ZXJubw%26rlid%3D504a1ee412d01628c2ee771489f34b4e&amp;rtype=targetURL&amp;tagId=webcompar-inarticle-2&amp;trafficGroup=zfa_angvir&amp;trafficSubGroup=erfreir&amp;uberGroup=hore_1c&amp;uberSubGroup=erfreir\" target=\"_blank\" rel=\"noreferrer noopener\"><\/a>Ces \u00e9lections repr\u00e9sentent \u00ab\u00a0une \u200c\u00e9tape importante dans le processus national plus large visant \u00e0 renforcer la vie d\u00e9mocratique (&#8230;) et \u00e0 terme, achever l&rsquo;unit\u00e9 de notre patrie\u00a0\u00bb, a-t-il ajout\u00e9.<\/p>\n\n\n\n<p>Le Hamas \u200bne pr\u00e9sentait pas de liste en son nom et ne soutenait explicitement aucun candidat au motif qu&rsquo;un d\u00e9cret de l&rsquo;Autorit\u00e9 palestinienne exigeait, selon lui, des candidats qu&rsquo;ils reconnaissent l&rsquo;\u00c9tat d&rsquo;Isra\u00ebl. Le groupe islamiste a \u00e9galement \u200bboycott\u00e9 les \u00e9lections en&nbsp;<a href=\"https:\/\/www.france24.com\/fr\/tag\/cisjordanie\/\" target=\"_blank\" rel=\"noreferrer noopener\">Cisjordanie occup\u00e9e<\/a>.<\/p>\n\n\n\n<p>Une liste, comptant plusieurs personnalit\u00e9s favorables au Hamas, selon des habitants \u200bet des observateurs, n&rsquo;a remport\u00e9 que deux si\u00e8ges sur 15.<\/p>\n\n\n\n<h2 class=\"wp-block-heading\">Les alli\u00e9s de Mahmoud Abbas victorieux en Cisjordanie<\/h2>\n\n\n\n<p>La liste \u00ab\u00a0Nahdat Deir \u200bal-Balah\u00a0\u00bb, soutenue par le Fatah du pr\u00e9sident palestinien, en a remport\u00e9 six, le reste \u00e9tant glan\u00e9 par des groupes gazaouis non affili\u00e9s.<\/p>\n\n\n\n<p>En Cisjordanie \u200boccup\u00e9e, les alli\u00e9s de Mahmoud Abbas ont remport\u00e9 les \u00e9lections, sans compter de concurrence f\u00e9roce.<\/p>\n\n\n\n<p><a href=\"https:\/\/msft-ssp-emea.adnxs.com\/click2?e=wqT_3QKjAfBDowAAAAMAxBkFAQijtsLPBhD1p7fjlPXovkwY6p37wOaFguARIPejnQ0omAIwuGg4kQRAl5jH3QJI8opOUABaA1VTRGIBBZBoAXABeJmgZ4AB44QGiAEBkAEAmAEFoAECqQH5akdxjjqqP7EBEQoouQEAAACA61HIP8EVHgDJFQo82AGOvQLgAQDwAdWvBfgBAA..\/s=42211189f3ecde160637526885573414c87cdf38\/bcr=AAAAAAAA8D8=\/pp=0.05\/bn=98915\/clickenc=https%3A%2F%2Ftrace-eu.mediago.io%2Fju%2Fic%3Ftn%3Dfd2c78e45533ef29df88e75fbc16275a%26trackingid%3D1ab4f45e36d640fd9a59756f9b92344f%26acid%3D30919%26data%3DaD2SpzCpJjy8Tqfc0VZBZXaTwesqvpP71qbcwNYhZV331XOQgxuMLuVjSNOsWUc58qxqs-JHgPVQDE31gaOaXBoAWC2puQuelf7KcUtVcslSVkfWVFPJxxnO3xac5qstXvIUGpYuECvmNxzuDio5ScU5ThbySzwqVjfntMaWQmWQV7a0lRsTAIn0kdd_LuNr3Bn8rGV-_cbJErZ2uCsTpEqHDEDw_xzr7DJyB3Us9ivMElZ1TLCLVFTZHQmwW72I9juqANTgdqofTB4J_4B0uCTDrLI9Zx_7t3kkHV5mXw5QWTBHjE4lHtUf5sYLqmUZ8JMICPjaXQWDOD0YvfMtG6YG7ITO31vwuNEtdccfG0RoA3YCNycQhAlZ4fNwh61NOFjJSUyehVZhuqnrgTffsolPSKEp-TLX3Z7gFb-M9ehkGrnCXaCoEaXvM3YwlvXpvJ-dVb9h8DPLnaZ1Wbsx7WzQNJxPJWa8cCHu_W_3hwXBM33EokG8gJgsSSrXWHj3RAVubw2jxXn7dgjXMrrdBPnfn3xtSjgquvETkLeoX1pU93Z-UXps6npzxe2hgtkYEjlFHEzsQ8xVcgxdZMvjFK1IPXc8zuHShOdRtW993ejvI5gd1_UPeIqUGkEnKmGyxLUiKkqRLCGjIBv7lXXHP6GnTT167w4yXHMZuBX3UmePW5BOBXQY1CUgke9C8IG8ubi3GFlTKtdzZE6f04ggkNGC01phkynDGgoH4afTpxrK9uVONyI54KV3VRsbYRoJPr18AlRMwi7Ih3LIqB_rphrtv0KzlXMtPx2Ma-ArgvwWtTTzgDNsrcdR8_7CnGw8OTYIQO_4bqV2qJ9mNWp-bI2GEctboC2h2qv-7u2Sm6ePbRnYqFnNuQvl_pebLBEvCTokgQRLeVCGmmQpHnfDrxtqmpAU1Zuceb33DIsX_8akBdiuCazP1VwntTv-0h9VnyzOTDlChF9NBYaMvmkA8YF_SplOj17v4BNivWKg-PtDW_tPbJqFB3ZOuBOZgkWIVgZ65mIM9ccHdNCP67Frj3QagCsEEhCFGKnaxoWj8QrbtOV-ofzPjyY4Sa1HbYr6xxG19CBfUBkRnl4S2C2Ob25DMpK7Epr5RJ1rmV9xLGPOVLQyeBlJvtVNXU2I95kbDiuxn-JYe0nuAgeeyL0O1i-IKkyEwHhQSZ3Lrl2067r0-aAKqrsmOnBBjUwwiRGrosldC30gQyDWprdmfO_ciCxPh1bquVRu_lP2DfexPV4_OpkvNpD0hP2OAhGBgT4iXaoqI0DnTL0lqRNFokfD3agajEqzHvj3pLdxw41wZQvJP35Wau7ELFBdbvHLp0lw0gzQBWNO-NWvAGlKMqnUEI0vcUL3TDs3LGUwT-IIS_7MJusSZlaDLS239QE-mrHmd30-9AL9CGrBK981TStW0z978-ZZ-6T7faNOZCNZyvBkWlglc853JiSGBxo7UIDX3BoBytMNOqkzU0ePRzs_jzkIecXboCvLsLcJfe2X_xezHA5N2Ylv8gyEYygC1luj1iDasuG5-GBdLTEdWdyU86bOVYyuvNpNve6-QADduJ_j7t4BCdW_EGDakQFwtJOMi682w_-g-ntgScO0y4F6EUxMh1L5mzdahHD6rIasTC8ka57hHFX01mqnz0bvfqdRDXGZy1_t21NGEZQPWfRDxnv4if19AR4A3XVCxylxu08tw00PEtrGrgvtYf-kXMl422c3o22aWpboCJlrWXKW8gW47-gDT42neKs1eX5Agtz-zVJRVnqpXN_C2_72JuLbUAlq2kTv8D_Topq6smYJEju-glfSpXBq3zOy8iif4ggToEV7XoRH7K0ZsxwTT0lIUn9opTp06QUJiCg1RjXIULfLneS_fhLcRDHbqzkNaC84mwx5KH1OTSr0JtjYry0pEAUaiMqK4bjA6O18jZxgUpWqlvlFx-M2p8zRGoSLgqRXnT-5uRLzY_mKaYuKyLOZZ9WXEvAxOKh7EnO1R0iU7-7ZNbCDX3FQGjAlDzovnXI5Kql4A9q_DNZLkM0EK47K7xJG-0gbYCl029F2WZfDxCkbmFt-7VFtKpjol8iv5lR45YLRJBEdMDPhpK4a8TvYJER-1fzFQEN-2J32yJh5mu3ddwjd7LlEpJ0p1X9MHemBLiHzYCEbXZixpqKEF2Eeu5jQdG9Mpo4_luDf9Wd2ojDajQmlL9s4DDv3SfkyB8g%26uid%3Dmid_30db238609e1bb78fb56008a0772fc99%26mguid%3D%26ap%3D%7BAUCTION_PRICE%7D%26tid%3D%7Btid%7D%26gprice%3D5iICJAQ42l3HO6vSllppnWy1NEhya8Ee3rV8bRdShPY%26campaignid%3D4946715\" target=\"_blank\" rel=\"noreferrer noopener\"><\/a>Le porte-parole du Fatah, Abdul Fattah Dawla, a not\u00e9 que le taux de participation \u00e9tait proche de celui des \u00e9lections tenues en 2022, saluant les personnes s&rsquo;\u00e9tant d\u00e9plac\u00e9es dans les bureaux de vote malgr\u00e9 les violences commises par\u00a0<a href=\"https:\/\/www.france24.com\/fr\/tag\/isra%C3%ABl\/\" target=\"_blank\" rel=\"noreferrer noopener\">Isra\u00ebl<\/a>.<\/p>\n\n\n\n<p>\u00ab\u00a0En \u2060\u00e9lisant des figures li\u00e9es au Fatah, les votants semblent rechercher un soutien international sans r\u00e9serve pour la gestion municipale et un changement \u2060politique graduel qui \u200bpourrait s&rsquo;\u00e9tendre au-del\u00e0 du niveau local\u00a0\u00bb, a d\u00e9clar\u00e9 l\u2019analyste politique palestinienne Reham Ouda.<\/p>\n\n\n\n<p>Hazem Qassem, porte-parole du Hamas, a minimis\u00e9 l&rsquo;importance des r\u00e9sultats \u00e9lectoraux, indiquant qu&rsquo;ils n&rsquo;avaient aucun impact sur le plan national.<\/p>\n\n\n\n<p><em>Avec Reuter<\/em>s<\/p>\n","protected":false},"excerpt":{"rendered":"<p>Une Palestinienne \u00e0 Deir al-Balah d\u00e9pose son bulletin de vote lors des \u00e9lections locales, les premi\u00e8res organis\u00e9es \u00e0 Gaza depuis vingt ans, le 25 avril 2026.\u00a9&nbsp;Abdel Kareem Hana, AP Malgr\u00e9 une faible participation, les \u200balli\u00e9s du pr\u00e9sident de l&rsquo;Autorit\u00e9 palestinienne Mahmoud Abbas ont remport\u00e9 dimanche la majorit\u00e9 des si\u00e8ges lors des \u00e9lections municipales organis\u00e9es pour [&hellip;]<\/p>\n","protected":false},"author":5,"featured_media":522,"comment_status":"open","ping_status":"open","sticky":false,"template":"","format":"standard","meta":{"footnotes":""},"categories":[49,66,7],"tags":[],"class_list":["post-521","post","type-post","status-publish","format-standard","has-post-thumbnail","hentry","category-cisjordanie","category-elections","category-gaza"],"_links":{"self":[{"href":"https:\/\/www.palestine45.fr\/wordpress\/index.php?rest_route=\/wp\/v2\/posts\/521","targetHints":{"allow":["GET"]}}],"collection":[{"href":"https:\/\/www.palestine45.fr\/wordpress\/index.php?rest_route=\/wp\/v2\/posts"}],"about":[{"href":"https:\/\/www.palestine45.fr\/wordpress\/index.php?rest_route=\/wp\/v2\/types\/post"}],"author":[{"embeddable":true,"href":"https:\/\/www.palestine45.fr\/wordpress\/index.php?rest_route=\/wp\/v2\/users\/5"}],"replies":[{"embeddable":true,"href":"https:\/\/www.palestine45.fr\/wordpress\/index.php?rest_route=%2Fwp%2Fv2%2Fcomments&post=521"}],"version-history":[{"count":1,"href":"https:\/\/www.palestine45.fr\/wordpress\/index.php?rest_route=\/wp\/v2\/posts\/521\/revisions"}],"predecessor-version":[{"id":523,"href":"https:\/\/www.palestine45.fr\/wordpress\/index.php?rest_route=\/wp\/v2\/posts\/521\/revisions\/523"}],"wp:featuredmedia":[{"embeddable":true,"href":"https:\/\/www.palestine45.fr\/wordpress\/index.php?rest_route=\/wp\/v2\/media\/522"}],"wp:attachment":[{"href":"https:\/\/www.palestine45.fr\/wordpress\/index.php?rest_route=%2Fwp%2Fv2%2Fmedia&parent=521"}],"wp:term":[{"taxonomy":"category","embeddable":true,"href":"https:\/\/www.palestine45.fr\/wordpress\/index.php?rest_route=%2Fwp%2Fv2%2Fcategories&post=521"},{"taxonomy":"post_tag","embeddable":true,"href":"https:\/\/www.palestine45.fr\/wordpress\/index.php?rest_route=%2Fwp%2Fv2%2Ftags&post=521"}],"curies":[{"name":"wp","href":"https:\/\/api.w.org\/{rel}","templated":true}]}}