{"id":525,"date":"2026-04-29T16:24:54","date_gmt":"2026-04-29T16:24:54","guid":{"rendered":"https:\/\/www.palestine45.fr\/wordpress\/?p=525"},"modified":"2026-04-29T16:24:54","modified_gmt":"2026-04-29T16:24:54","slug":"manifestation-solidarite-internationale-vendredi-1er-mai-10h30-place-de-loire-a-orleans","status":"publish","type":"post","link":"https:\/\/www.palestine45.fr\/wordpress\/?p=525","title":{"rendered":"Manifestation Solidarit\u00e9 Internationale vendredi 1er mai 10h30 Place de Loire \u00e0 Orl\u00e9ans !"},"content":{"rendered":"\n<figure class=\"wp-block-image size-large\"><img loading=\"lazy\" decoding=\"async\" width=\"982\" height=\"1024\" src=\"https:\/\/www.palestine45.fr\/wordpress\/wp-content\/uploads\/2026\/04\/Manif-1er-mai-982x1024.jpg\" alt=\"\" class=\"wp-image-526\" srcset=\"https:\/\/www.palestine45.fr\/wordpress\/wp-content\/uploads\/2026\/04\/Manif-1er-mai-982x1024.jpg 982w, https:\/\/www.palestine45.fr\/wordpress\/wp-content\/uploads\/2026\/04\/Manif-1er-mai-288x300.jpg 288w, https:\/\/www.palestine45.fr\/wordpress\/wp-content\/uploads\/2026\/04\/Manif-1er-mai-768x801.jpg 768w, https:\/\/www.palestine45.fr\/wordpress\/wp-content\/uploads\/2026\/04\/Manif-1er-mai-1473x1536.jpg 1473w, https:\/\/www.palestine45.fr\/wordpress\/wp-content\/uploads\/2026\/04\/Manif-1er-mai.jpg 1896w\" sizes=\"auto, (max-width: 982px) 100vw, 982px\" \/><\/figure>\n\n\n\n<figure class=\"wp-block-image size-full is-resized\"><img loading=\"lazy\" decoding=\"async\" width=\"500\" height=\"707\" src=\"https:\/\/www.palestine45.fr\/wordpress\/wp-content\/uploads\/2026\/04\/affiche_pas_taire_a2-3708e.png\" alt=\"\" class=\"wp-image-527\" style=\"width:650px;height:auto\" srcset=\"https:\/\/www.palestine45.fr\/wordpress\/wp-content\/uploads\/2026\/04\/affiche_pas_taire_a2-3708e.png 500w, https:\/\/www.palestine45.fr\/wordpress\/wp-content\/uploads\/2026\/04\/affiche_pas_taire_a2-3708e-212x300.png 212w\" sizes=\"auto, (max-width: 500px) 100vw, 500px\" \/><\/figure>\n","protected":false},"excerpt":{"rendered":"","protected":false},"author":5,"featured_media":526,"comment_status":"open","ping_status":"open","sticky":true,"template":"","format":"standard","meta":{"footnotes":""},"categories":[4,12,19,6,50],"tags":[],"class_list":["post-525","post","type-post","status-publish","format-standard","has-post-thumbnail","hentry","category-israel","category-manifestation","category-mouvement-social","category-palestine","category-solidarite"],"_links":{"self":[{"href":"https:\/\/www.palestine45.fr\/wordpress\/index.php?rest_route=\/wp\/v2\/posts\/525","targetHints":{"allow":["GET"]}}],"collection":[{"href":"https:\/\/www.palestine45.fr\/wordpress\/index.php?rest_route=\/wp\/v2\/posts"}],"about":[{"href":"https:\/\/www.palestine45.fr\/wordpress\/index.php?rest_route=\/wp\/v2\/types\/post"}],"author":[{"embeddable":true,"href":"https:\/\/www.palestine45.fr\/wordpress\/index.php?rest_route=\/wp\/v2\/users\/5"}],"replies":[{"embeddable":true,"href":"https:\/\/www.palestine45.fr\/wordpress\/index.php?rest_route=%2Fwp%2Fv2%2Fcomments&post=525"}],"version-history":[{"count":1,"href":"https:\/\/www.palestine45.fr\/wordpress\/index.php?rest_route=\/wp\/v2\/posts\/525\/revisions"}],"predecessor-version":[{"id":528,"href":"https:\/\/www.palestine45.fr\/wordpress\/index.php?rest_route=\/wp\/v2\/posts\/525\/revisions\/528"}],"wp:featuredmedia":[{"embeddable":true,"href":"https:\/\/www.palestine45.fr\/wordpress\/index.php?rest_route=\/wp\/v2\/media\/526"}],"wp:attachment":[{"href":"https:\/\/www.palestine45.fr\/wordpress\/index.php?rest_route=%2Fwp%2Fv2%2Fmedia&parent=525"}],"wp:term":[{"taxonomy":"category","embeddable":true,"href":"https:\/\/www.palestine45.fr\/wordpress\/index.php?rest_route=%2Fwp%2Fv2%2Fcategories&post=525"},{"taxonomy":"post_tag","embeddable":true,"href":"https:\/\/www.palestine45.fr\/wordpress\/index.php?rest_route=%2Fwp%2Fv2%2Ftags&post=525"}],"curies":[{"name":"wp","href":"https:\/\/api.w.org\/{rel}","templated":true}]}}