{"id":529,"date":"2026-04-30T09:18:32","date_gmt":"2026-04-30T09:18:32","guid":{"rendered":"https:\/\/www.palestine45.fr\/wordpress\/?p=529"},"modified":"2026-04-30T09:18:32","modified_gmt":"2026-04-30T09:18:32","slug":"gaza-la-flottille-humanitaire-global-sumud-a-ete-interceptee-dans-les-eaux-internationales-par-larmee-israelienne-piraterie","status":"publish","type":"post","link":"https:\/\/www.palestine45.fr\/wordpress\/?p=529","title":{"rendered":"Gaza\u00a0: la flottille humanitaire Global Sumud a\u00a0\u00e9t\u00e9 intercept\u00e9e dans les eaux internationales par l\u2019arm\u00e9e isra\u00e9lienne : Piraterie !"},"content":{"rendered":"\n<p class=\"has-medium-font-size\"><strong>Acte de piraterie dans les eaux internationales !<\/strong> \u00ab\u00a0Environ 175\u00a0militants\u00a0\u00bb \u00ab\u00a0intercept\u00e9s\u00a0\u00bb par la marine isra\u00e9lienne sont en route pour Isra\u00ebl, a fait savoir la diplomatie du pays. Une cinquantaine de bateaux \u00e9taient partis ces derni\u00e8res semaines de Marseille, Barcelone et Syracuse, en Sicile, afin de briser le blocus visant l\u2019enclave palestinienne.  AFP <\/p>\n\n\n\n<figure class=\"wp-block-image\"><img decoding=\"async\" src=\"https:\/\/img.lemde.fr\/2026\/04\/12\/0\/0\/7154\/4769\/664\/0\/75\/0\/78e45ef_ftp-1-i6ndrjihs0cw-edcdbe7c5c9f472bb46a709ed3679fa8-0-9c3e65a984d94c4dbf6ad01fb31d8a3d.jpg\" alt=\"Des navires de la Global Sumud Flotilla, lors de leur d\u00e9part de Barcelone (Espagne), le 12\u00a0avril\u00a02026.\"\/><figcaption class=\"wp-element-caption\">Des navires de la Global Sumud Flotilla, lors de leur d\u00e9part de Barcelone (Espagne), le 12&nbsp;avril&nbsp;2026. JOAN MATEU PARRA\/AP<\/figcaption><\/figure>\n\n\n\n<p>Les organisateurs d\u2019une nouvelle flottille de militants propalestiniens cherchant \u00e0 briser le blocus de Gaza ont affirm\u00e9, jeudi 30&nbsp;avril, que leurs bateaux avaient \u00e9t\u00e9 intercept\u00e9s par la marine isra\u00e9lienne dans les eaux internationales.<\/p>\n\n\n\n<p><em>\u00ab&nbsp;Des navires militaires isra\u00e9liens ont ill\u00e9galement encercl\u00e9 la flottille dans les eaux internationales et ont lanc\u00e9 des menaces d\u2019enl\u00e8vement et de recours \u00e0 la violence&nbsp;\u00bb<\/em>, a d\u00e9clar\u00e9 dans un communiqu\u00e9 publi\u00e9 dans la nuit la Global Sumud Flotilla (<em>soumoud<\/em> signifie \u00ab&nbsp;pers\u00e9v\u00e9rance&nbsp;\u00bb en arabe). <em>\u00ab&nbsp;Le contact avec onze&nbsp;navires a \u00e9t\u00e9 perdu&nbsp;\u00bb<\/em>, a ajout\u00e9 l\u2019organisation.<\/p>\n\n\n\n<p><em>\u00ab&nbsp;Nos bateaux ont \u00e9t\u00e9 abord\u00e9s par des vedettes militaires, qui se sont identifi\u00e9es comme \u201cd\u2019Isra\u00ebl\u201d&nbsp;\u00bb<\/em>, a pr\u00e9cis\u00e9 l\u2019organisation sur X, ajoutant que leurs occupants avaient <em>\u00ab&nbsp;point\u00e9 des lasers et des armes d\u2019assaut semi-automatiques&nbsp;\u00bb<\/em> et <em>\u00ab&nbsp;ordonn\u00e9 aux participants de se&nbsp;rassembler \u00e0 l\u2019avant des bateaux et de se mettre \u00e0 quatre pattes&nbsp;\u00bb<\/em>.<\/p>\n\n\n\n<p>De son c\u00f4t\u00e9, le minist\u00e8re des affaires \u00e9trang\u00e8res isra\u00e9lien a annonc\u00e9 que la marine isra\u00e9lienne avait intercept\u00e9 \u00ab&nbsp;<em>environ 175&nbsp;militants provenant de plus de 20&nbsp;bateaux&nbsp;\u00bb<\/em> de la flottille. Ceux-l\u00e0 \u00ab&nbsp;font actuellement route de fa\u00e7on pacifique vers Isra\u00ebl&nbsp;\u00bb, a fait savoir le minist\u00e8re sur X,en diffusant une vid\u00e9o montrant, selon lui, <em>\u00ab&nbsp;les militants en train de s\u2019amuser \u00e0 bord de navires isra\u00e9liens&nbsp;\u00bb<\/em>.<\/p>\n\n\n\n<p>Cette flottille est compos\u00e9e de plus de cinquante bateaux <a href=\"https:\/\/www.lemonde.fr\/guerre-au-proche-orient\/article\/2026\/04\/15\/une-nouvelle-flottille-humanitaire-quitte-barcelone-pour-gaza_6680290_6325529.html\">partis ces derni\u00e8res semaines<\/a> de Marseille en France, de Barcelone en Espagne et de Syracuse en Italie. Ils se trouvent actuellement \u00e0 l\u2019ouest de la Cr\u00e8te (Gr\u00e8ce), selon le suivi en direct sur le site de l\u2019organisation.<\/p>\n\n\n\n<p>Le secr\u00e9taire national du Parti communiste fran\u00e7ais, Fabien Roussel, a appel\u00e9, jeudi, \u00e0 la lib\u00e9ration des personnes d\u00e9tenues par l\u2019arm\u00e9e isra\u00e9lienne apr\u00e8s l\u2019arraisonnement de la flottille, dont une \u00e9lue de son parti, Rapha\u00eblle Primet. <em>\u00ab&nbsp;J\u2019ai demand\u00e9 au ministre des affaires \u00e9trang\u00e8res<\/em> [Jean-No\u00ebl Barrot] <em>d\u2019intervenir imm\u00e9diatement pour leur lib\u00e9ration&nbsp;\u00bb<\/em>, a annonc\u00e9 Fabien Roussel, estimant que les \u00e9quipages avaient \u00e9t\u00e9 <em>\u00ab&nbsp;kidnapp\u00e9s&nbsp;\u00bb<\/em>.<\/p>\n\n\n\n<p><em>\u00ab&nbsp;Il s\u2019agit d\u2019actes de piraterie et de kidnappings visant des actions pacifiques et de nouvelles violations graves du droit international&nbsp;\u00bb<\/em>, a aussi d\u00e9nonc\u00e9 sur X le coordinateur de La France insoumise, Manuel Bompard.<\/p>\n\n\n\n<h2 class=\"wp-block-heading\">Une pr\u00e9c\u00e9dente op\u00e9ration stopp\u00e9e par Isra\u00ebl en&nbsp;octobre&nbsp;2025<\/h2>\n\n\n\n<p>A l\u2019\u00e9t\u00e9 et \u00e0&nbsp;l\u2019automne 2025, un premier voyage de la Flottille globale Sumud \u00e0 travers la mer M\u00e9diterran\u00e9e jusqu\u2019aux abords de Gaza avait attir\u00e9 l\u2019attention du monde entier.<\/p>\n\n\n\n<p>La cinquantaine de bateaux qui la composaient avaient \u00e9t\u00e9 intercept\u00e9s par Isra\u00ebl au large des c\u00f4tes de l\u2019Egypte et de la bande de Gaza au d\u00e9but du mois d\u2019octobre. L\u2019op\u00e9ration isra\u00e9lienne, qualifi\u00e9e d\u2019ill\u00e9gale par les organisateurs et par Amnesty International, avait suscit\u00e9 des condamnations internationales. Les membres d\u2019\u00e9quipage avaient \u00e9t\u00e9 arr\u00eat\u00e9s, puis expuls\u00e9s par Isra\u00ebl.<\/p>\n\n\n\n<p>La bande de Gaza, gouvern\u00e9e par le Hamas, est soumise \u00e0 un blocus isra\u00e9lien depuis 2007.<\/p>\n\n\n\n<p>Isra\u00ebl et le mouvement palestinien s\u2019accusent mutuellement de violer un cessez-le-feu entr\u00e9 en vigueur le 10\u00a0octobre\u00a02025, apr\u00e8s deux ans de guerre, d\u00e9clench\u00e9e par l\u2019attaque d\u2019une ampleur sans pr\u00e9c\u00e9dent du mouvement palestinien sur le sol isra\u00e9lien, le 7\u00a0octobre\u00a02023.<\/p>\n\n\n\n<p>Le Monde avec AFP<\/p>\n","protected":false},"excerpt":{"rendered":"<p>Acte de piraterie dans les eaux internationales ! \u00ab\u00a0Environ 175\u00a0militants\u00a0\u00bb \u00ab\u00a0intercept\u00e9s\u00a0\u00bb par la marine isra\u00e9lienne sont en route pour Isra\u00ebl, a fait savoir la diplomatie du pays. Une cinquantaine de bateaux \u00e9taient partis ces derni\u00e8res semaines de Marseille, Barcelone et Syracuse, en Sicile, afin de briser le blocus visant l\u2019enclave palestinienne. AFP Les organisateurs d\u2019une [&hellip;]<\/p>\n","protected":false},"author":5,"featured_media":530,"comment_status":"open","ping_status":"open","sticky":true,"template":"","format":"standard","meta":{"footnotes":""},"categories":[55,58,7,4],"tags":[],"class_list":["post-529","post","type-post","status-publish","format-standard","has-post-thumbnail","hentry","category-attaques","category-flotille","category-gaza","category-israel"],"_links":{"self":[{"href":"https:\/\/www.palestine45.fr\/wordpress\/index.php?rest_route=\/wp\/v2\/posts\/529","targetHints":{"allow":["GET"]}}],"collection":[{"href":"https:\/\/www.palestine45.fr\/wordpress\/index.php?rest_route=\/wp\/v2\/posts"}],"about":[{"href":"https:\/\/www.palestine45.fr\/wordpress\/index.php?rest_route=\/wp\/v2\/types\/post"}],"author":[{"embeddable":true,"href":"https:\/\/www.palestine45.fr\/wordpress\/index.php?rest_route=\/wp\/v2\/users\/5"}],"replies":[{"embeddable":true,"href":"https:\/\/www.palestine45.fr\/wordpress\/index.php?rest_route=%2Fwp%2Fv2%2Fcomments&post=529"}],"version-history":[{"count":1,"href":"https:\/\/www.palestine45.fr\/wordpress\/index.php?rest_route=\/wp\/v2\/posts\/529\/revisions"}],"predecessor-version":[{"id":531,"href":"https:\/\/www.palestine45.fr\/wordpress\/index.php?rest_route=\/wp\/v2\/posts\/529\/revisions\/531"}],"wp:featuredmedia":[{"embeddable":true,"href":"https:\/\/www.palestine45.fr\/wordpress\/index.php?rest_route=\/wp\/v2\/media\/530"}],"wp:attachment":[{"href":"https:\/\/www.palestine45.fr\/wordpress\/index.php?rest_route=%2Fwp%2Fv2%2Fmedia&parent=529"}],"wp:term":[{"taxonomy":"category","embeddable":true,"href":"https:\/\/www.palestine45.fr\/wordpress\/index.php?rest_route=%2Fwp%2Fv2%2Fcategories&post=529"},{"taxonomy":"post_tag","embeddable":true,"href":"https:\/\/www.palestine45.fr\/wordpress\/index.php?rest_route=%2Fwp%2Fv2%2Ftags&post=529"}],"curies":[{"name":"wp","href":"https:\/\/api.w.org\/{rel}","templated":true}]}}