{"id":54,"date":"2025-12-27T17:24:40","date_gmt":"2025-12-27T17:24:40","guid":{"rendered":"https:\/\/www.palestine45.fr\/wordpress\/?p=54"},"modified":"2025-12-27T17:24:40","modified_gmt":"2025-12-27T17:24:40","slug":"attentat-terroriste-de-bondi-beach-qui-alimente-lantisemitisme","status":"publish","type":"post","link":"https:\/\/www.palestine45.fr\/wordpress\/?p=54","title":{"rendered":"Attentat terroriste de Bondi Beach : qui alimente l\u2019antis\u00e9mitisme ?"},"content":{"rendered":"\n<p>L\u2019attentat terroriste contre des juifs australiens f\u00eatant Hanoukka est absolument honteux. L\u2019antis\u00e9mitisme est intol\u00e9rable. Les actes criminels contre des juifs sont inadmissibles.<\/p>\n\n\n\n<p>L\u2019UJFP condamne ces actes antis\u00e9mites et exprime aux familles juives qui ont \u00e9t\u00e9 victimes de ce crime odieux et \u00e0 leurs proches sa profonde compassion.<\/p>\n\n\n\n<h3 class=\"wp-block-heading\">Des agressions antis\u00e9mites qui se multiplient<\/h3>\n\n\n\n<p>En France, agression contre un rabbin, incendie de la synagogue de Rouen, tags appelant \u00e0 la mort des Juifs : une inqui\u00e9tude se r\u00e9pand dans les communaut\u00e9s juives. Profond\u00e9ment ancr\u00e9e dans les soci\u00e9t\u00e9s occidentales o\u00f9 l\u2019id\u00e9e m\u00eame d\u2019antis\u00e9mitisme a \u00e9t\u00e9 cr\u00e9\u00e9e, elle est parfois attis\u00e9e par ceux qui confondent la solidarit\u00e9 avec le peuple palestinien avec une haine des Juifs.<\/p>\n\n\n\n<h3 class=\"wp-block-heading\">Un crime qui vise un groupe religieux<\/h3>\n\n\n\n<p>La liste des crimes terroristes contre les lieux de culte et les f\u00eates religieuses est malheureusement longue :<\/p>\n\n\n\n<p>\u2022 Attaque contre une \u00e9glise copte, en 2017, lorsqu\u2019un terroriste de Daesh a ouvert le feu \u00e0 l\u2019\u00e9glise Saint-Menas, \u00e0 Helwan en \u00c9gypte et tu\u00e9 10 fid\u00e8les<\/p>\n\n\n\n<p>\u2022 Attaque contre une mosqu\u00e9e lors du massacre de mars 2019, lorsqu\u2019un homme arm\u00e9 a ouvert le feu dans deux mosqu\u00e9es \u00e0 Christchurch, en Nouvelle Z\u00e9lande, pendant la pri\u00e8re du vendredi,<\/p>\n\n\n\n<p>\u2022 Fusillade de la synagogue <em>Tree of Life, \u00e0 <\/em>Pittsburgh, qui a fait 11 morts, ou \u00e0 Manchester, en octobre dernier (3 morts)<\/p>\n\n\n\n<p>\u2022 Massacre dans l\u2019\u00e9glise catholique Saint Anuarite, en RDC, tuant 43 \u00e0 50 civils (hommes, femmes, enfants), en juillet dernier<\/p>\n\n\n\n<p>Les identit\u00e9s culturelles et religieuses sont h\u00e9las fr\u00e9quemment les cibles des fanatiques.<\/p>\n\n\n\n<h3 class=\"wp-block-heading\">Un crime de l\u2019amalgame ?<\/h3>\n\n\n\n<p>Nous condamnons la politique isra\u00e9lienne de g\u00e9nocide \u00e0 Gaza et les amalgames inadmissibles et mortif\u00e8res faits entre les actes de l\u2019arm\u00e9e isra\u00e9lienne, les Isra\u00e9liens en g\u00e9n\u00e9ral et les Juifs. Depuis le d\u00e9but du g\u00e9nocide \u00e0 Gaza, en raison de ces confusions, il est de fait que les agressions antis\u00e9mites ont significativement augment\u00e9, ce qui est pr\u00e9occupant.<\/p>\n\n\n\n<p>La communaut\u00e9 juive australienne (ni aucune autre) n\u2019est responsable des actes g\u00e9nocidaires commis par l\u2019\u00c9tat d\u2019Isra\u00ebl.<\/p>\n\n\n\n<p>En assimilant les Juifs \u00e0 la politique criminelle isra\u00e9lienne, ceux qui commettent de tels actes essentialisent les Juifs et font peu de cas de leur vari\u00e9t\u00e9 et de leur distance avec la politique criminelle sioniste qui efface les Palestiniens. Des organisations juives non sionistes ou se revendiquant antisionistes, telles que Jewish Council of Australia (JCA), Jewish Labour Bund Australia (JLB) ou <a href=\"https:\/\/ujfp.org\/declaration-du-collectif-jews-against-the-occupation-48-en-reponse-a-lattaque-de-bondi-beach\/\">Jews Against the Occupation<\/a> (JAO) luttent en Australie contre cet amalgame et contre le g\u00e9nocide en cours \u00e0 Gaza. Ces Juifs ne peuvent \u00eatre effac\u00e9s par le discours du gouvernement isra\u00e9lien qui s\u2019est saisi de cet attentat pour justifier sa politique g\u00e9nocidaire.<\/p>\n\n\n\n<p>Nous d\u00e9non\u00e7ons \u00e0 cette occasion les amalgames qui sont faits entre musulmans et terroristes ainsi qu\u2019entre musulmans et antis\u00e9mites. Ces confusions sont le fruit de l\u2019islamophobie, fer de lance des politiques racistes et x\u00e9nophobes qui se r\u00e9pandent \u00e0 travers le monde occidental.<\/p>\n\n\n\n<p>L\u2019intervention h\u00e9ro\u00efque d\u2019Ahmad el Ahmad, les balles qu\u2019il a re\u00e7ues pour sauver des Juifs, nous montrent que la voie est dans le rejet de toutes les formes de racisme.<\/p>\n\n\n\n<p>Que ceux qui tenteraient de manipuler ce massacre en affirmant, que tous les Juifs et Juives sont solidaires du g\u00e9nocide \u00e0 Gaza prennent conscience qu\u2019ils favorisent l\u2019antis\u00e9mitisme.<\/p>\n\n\n\n<p>La Coordination nationale de l\u2019UJFP, le 20 d\u00e9cembre 2025<\/p>\n","protected":false},"excerpt":{"rendered":"<p>L\u2019attentat terroriste contre des juifs australiens f\u00eatant Hanoukka est absolument honteux. L\u2019antis\u00e9mitisme est intol\u00e9rable. Les actes criminels contre des juifs sont inadmissibles. L\u2019UJFP condamne ces actes antis\u00e9mites et exprime aux familles juives qui ont \u00e9t\u00e9 victimes de ce crime odieux et \u00e0 leurs proches sa profonde compassion. Des agressions antis\u00e9mites qui se multiplient En France, [&hellip;]<\/p>\n","protected":false},"author":5,"featured_media":55,"comment_status":"open","ping_status":"open","sticky":false,"template":"","format":"standard","meta":{"footnotes":""},"categories":[10,11,9],"tags":[],"class_list":["post-54","post","type-post","status-publish","format-standard","has-post-thumbnail","hentry","category-antisemitisme","category-australie","category-ujfp"],"_links":{"self":[{"href":"https:\/\/www.palestine45.fr\/wordpress\/index.php?rest_route=\/wp\/v2\/posts\/54","targetHints":{"allow":["GET"]}}],"collection":[{"href":"https:\/\/www.palestine45.fr\/wordpress\/index.php?rest_route=\/wp\/v2\/posts"}],"about":[{"href":"https:\/\/www.palestine45.fr\/wordpress\/index.php?rest_route=\/wp\/v2\/types\/post"}],"author":[{"embeddable":true,"href":"https:\/\/www.palestine45.fr\/wordpress\/index.php?rest_route=\/wp\/v2\/users\/5"}],"replies":[{"embeddable":true,"href":"https:\/\/www.palestine45.fr\/wordpress\/index.php?rest_route=%2Fwp%2Fv2%2Fcomments&post=54"}],"version-history":[{"count":1,"href":"https:\/\/www.palestine45.fr\/wordpress\/index.php?rest_route=\/wp\/v2\/posts\/54\/revisions"}],"predecessor-version":[{"id":56,"href":"https:\/\/www.palestine45.fr\/wordpress\/index.php?rest_route=\/wp\/v2\/posts\/54\/revisions\/56"}],"wp:featuredmedia":[{"embeddable":true,"href":"https:\/\/www.palestine45.fr\/wordpress\/index.php?rest_route=\/wp\/v2\/media\/55"}],"wp:attachment":[{"href":"https:\/\/www.palestine45.fr\/wordpress\/index.php?rest_route=%2Fwp%2Fv2%2Fmedia&parent=54"}],"wp:term":[{"taxonomy":"category","embeddable":true,"href":"https:\/\/www.palestine45.fr\/wordpress\/index.php?rest_route=%2Fwp%2Fv2%2Fcategories&post=54"},{"taxonomy":"post_tag","embeddable":true,"href":"https:\/\/www.palestine45.fr\/wordpress\/index.php?rest_route=%2Fwp%2Fv2%2Ftags&post=54"}],"curies":[{"name":"wp","href":"https:\/\/api.w.org\/{rel}","templated":true}]}}